{"id":28,"date":"2014-02-14T14:47:20","date_gmt":"2014-02-14T12:47:20","guid":{"rendered":"http:\/\/www.arquitis.sk\/?p=28"},"modified":"2021-06-02T10:53:59","modified_gmt":"2021-06-02T08:53:59","slug":"o-nas","status":"publish","type":"post","link":"https:\/\/www.arquitis.sk\/?p=28","title":{"rendered":"O n\u00e1s"},"content":{"rendered":"\n<p>Lukostreleck\u00fd klub ARQUITIS v&nbsp;Blatnici, bol zalo\u017een\u00fd v roku 2013 s&nbsp;cie\u013eom rozv\u00edja\u0165 lukostre\u013ebu v&nbsp;regi\u00f3ne Turca ( lukostre\u013eba&nbsp;okres Martin a Tur\u010dianske Teplice). V&nbsp;na\u0161om klube sa stret\u00e1vaj\u00fa \u013eudia r\u00f4zneho veku, profesi\u00ed, ktor\u00fdch sp\u00e1ja spolo\u010dn\u00e1 z\u00e1\u013euba.<\/p>\n\n\n\n<figure class=\"wp-block-image\"><img loading=\"lazy\" decoding=\"async\" width=\"1024\" height=\"387\" src=\"http:\/\/www.arquitis.sk\/wp-content\/uploads\/2019\/10\/IMG_20190526_1743330-1024x387.jpg\" alt=\"\" class=\"wp-image-7355\" srcset=\"https:\/\/www.arquitis.sk\/wp-content\/uploads\/2019\/10\/IMG_20190526_1743330.jpg 1024w, https:\/\/www.arquitis.sk\/wp-content\/uploads\/2019\/10\/IMG_20190526_1743330-150x57.jpg 150w, https:\/\/www.arquitis.sk\/wp-content\/uploads\/2019\/10\/IMG_20190526_1743330-300x113.jpg 300w, https:\/\/www.arquitis.sk\/wp-content\/uploads\/2019\/10\/IMG_20190526_1743330-768x290.jpg 768w\" sizes=\"auto, (max-width: 1024px) 100vw, 1024px\" \/><\/figure>\n\n\n\n<p>\u00a0Zameriavame sa na 3D lukostre\u013ebu. Klasick\u00e9 ter\u010de na s\u00fa\u0165a\u017eiach nahr\u00e1dzaj\u00fa   makety zvierat v\u00a0ich \u017eivotnej ve\u013ekosti.<\/p>\n\n\n\n<div class=\"wp-block-image\"><figure class=\"aligncenter\"><a href=\"http:\/\/www.arquitis.sk\/wp-content\/uploads\/2014\/02\/3D-terce.jpg\"><img loading=\"lazy\" decoding=\"async\" width=\"1024\" height=\"457\" src=\"http:\/\/www.arquitis.sk\/wp-content\/uploads\/2014\/02\/3D-terce-1024x457.jpg\" alt=\"3D terce\" class=\"wp-image-853\" srcset=\"https:\/\/www.arquitis.sk\/wp-content\/uploads\/2014\/02\/3D-terce-1024x457.jpg 1024w, https:\/\/www.arquitis.sk\/wp-content\/uploads\/2014\/02\/3D-terce-300x134.jpg 300w\" sizes=\"auto, (max-width: 1024px) 100vw, 1024px\" \/><\/a><\/figure><\/div>\n\n\n\n<p>Pri 3D lukostre\u013ebe je d\u00f4le\u017eit\u00e9 zvl\u00e1dnu\u0165 lukostreleck\u00fa techniku, ktor\u00e1 je rovnak\u00e1 ako pri olympijskej a navy\u0161e je potrebn\u00e9 vedie\u0165 odhadova\u0165 vzdialenosti, n\u00e1strahy ter\u00e9nu a\u00a0poveternostn\u00e9 podmienky, ktor\u00e9 ovplyv\u0148uj\u00fa dr\u00e1hu letu \u0161\u00edpu a\u00a0s\u00fa rozhoduj\u00face pre presn\u00fd \u00a0z\u00e1sah.<\/p>\n\n\n\n<p>Po\u010das tr\u00e9ningov, alebo pretekov, tr\u00e1vime spolu ve\u013ea \u010dasu v\u00a0pr\u00edrode . Pre\u00a0\u00faspech v\u00a0lukostre\u013ebe je d\u00f4le\u017eit\u00e1 aj psychick\u00e1 pohoda a\u00a0schopnos\u0165 koncentr\u00e1cie.\u00a0 Lukostre\u013eba \u00a0pom\u00e1ha rozv\u00edja\u0165\u00a0 fyzick\u00fa \u00a0aj psychick\u00fa kond\u00edciu\u00a0a \u00a0je skvelou mo\u017enos\u0165ou na relax. Na tr\u00e9ningoch vyu\u017e\u00edvame r\u00f4zne kou\u010dingov\u00e9 techniky, ktor\u00e9 prispievaj\u00fa k efekt\u00edvnej\u0161iemu u\u010deniu.<\/p>\n\n\n\n<figure class=\"wp-block-image\"><img loading=\"lazy\" decoding=\"async\" width=\"1024\" height=\"768\" src=\"http:\/\/www.arquitis.sk\/wp-content\/uploads\/2019\/10\/IMG_20190825_1136250-1024x768.jpg\" alt=\"\" class=\"wp-image-7356\" srcset=\"https:\/\/www.arquitis.sk\/wp-content\/uploads\/2019\/10\/IMG_20190825_1136250.jpg 1024w, https:\/\/www.arquitis.sk\/wp-content\/uploads\/2019\/10\/IMG_20190825_1136250-150x113.jpg 150w, https:\/\/www.arquitis.sk\/wp-content\/uploads\/2019\/10\/IMG_20190825_1136250-300x225.jpg 300w, https:\/\/www.arquitis.sk\/wp-content\/uploads\/2019\/10\/IMG_20190825_1136250-768x576.jpg 768w\" sizes=\"auto, (max-width: 1024px) 100vw, 1024px\" \/><\/figure>\n\n\n\n<p>Okrem 3D lukostre\u013eby si radi zastrie\u013eame aj na ve\u013ek\u00e9 vzdialenosti, lietaj\u00face ter\u010de \u010di klasick\u00fa FITA.<\/p>\n\n\n\n<p>Pou\u017e\u00edvame takmer v\u0161etky druhy lukov, od historick\u00fdch jazdeck\u00fdch, dlh\u00fdch, cez tradi\u010dn\u00e9 loveck\u00e9 \/reflexn\u00e9\/, a\u017e po najmodernej\u0161ie kladkov\u00e9 a olympijsk\u00e9 \u010di ku\u0161e.<\/p>\n\n\n\n<p>\u010clenovia n\u00e1\u0161ho klubu pravidelne a \u00faspe\u0161ne reprezentuj\u00fa LK ARQUITIS Blatnica a regi\u00f3n Turca v r\u00e1mci najvy\u0161\u0161\u00edch slovensk\u00fdch s\u00fa\u0165a\u017ei ako s\u00fa: s\u00e9ria pretekov Slovensk\u00e9ho poh\u00e1ra a Majstrovstv\u00e1 Slovenska ale aj v zahrani\u010d\u00ed na v\u00fdznamn\u00fdch pretekoch Majstrovstiev sveta \u010di Eur\u00f3py.<\/p>\n\n\n\n<figure class=\"wp-block-image\"><img loading=\"lazy\" decoding=\"async\" width=\"1024\" height=\"768\" src=\"http:\/\/www.arquitis.sk\/wp-content\/uploads\/2019\/03\/IMG_20190316_1314393-1024x768.jpg\" alt=\"\" class=\"wp-image-6500\" srcset=\"https:\/\/www.arquitis.sk\/wp-content\/uploads\/2019\/03\/IMG_20190316_1314393.jpg 1024w, https:\/\/www.arquitis.sk\/wp-content\/uploads\/2019\/03\/IMG_20190316_1314393-150x113.jpg 150w, https:\/\/www.arquitis.sk\/wp-content\/uploads\/2019\/03\/IMG_20190316_1314393-300x225.jpg 300w, https:\/\/www.arquitis.sk\/wp-content\/uploads\/2019\/03\/IMG_20190316_1314393-768x576.jpg 768w\" sizes=\"auto, (max-width: 1024px) 100vw, 1024px\" \/><\/figure>\n\n\n\n<p>N\u00e1dhern\u00e9 prostredie Blatnice pon\u00faka v&nbsp;spojen\u00ed s&nbsp;lukostre\u013ebou, mo\u017enos\u0165 jedine\u010dn\u00e9ho z\u00e1\u017eitku pre v\u0161etk\u00fdch: deti, dospel\u00fdch \u010di cel\u00e9 rodiny.<\/p>\n\n\n\n<figure class=\"wp-block-image\"><img loading=\"lazy\" decoding=\"async\" width=\"1024\" height=\"659\" src=\"http:\/\/www.arquitis.sk\/wp-content\/uploads\/2019\/10\/vitazi-1024x659.jpg\" alt=\"\" class=\"wp-image-7350\" srcset=\"https:\/\/www.arquitis.sk\/wp-content\/uploads\/2019\/10\/vitazi-1024x659.jpg 1024w, https:\/\/www.arquitis.sk\/wp-content\/uploads\/2019\/10\/vitazi-150x97.jpg 150w, https:\/\/www.arquitis.sk\/wp-content\/uploads\/2019\/10\/vitazi-300x193.jpg 300w, https:\/\/www.arquitis.sk\/wp-content\/uploads\/2019\/10\/vitazi-768x494.jpg 768w\" sizes=\"auto, (max-width: 1024px) 100vw, 1024px\" \/><figcaption>smart<\/figcaption><\/figure>\n\n\n\n<h1 class=\"wp-block-heading\">&nbsp;<\/h1>\n","protected":false},"excerpt":{"rendered":"<p>Lukostreleck\u00fd klub ARQUITIS v&nbsp;Blatnici, bol zalo\u017een\u00fd v roku 2013 s&nbsp;cie\u013eom rozv\u00edja\u0165 lukostre\u013ebu v&nbsp;regi\u00f3ne Turca ( lukostre\u013eba&nbsp;okres Martin a Tur\u010dianske Teplice). V&nbsp;na\u0161om klube sa stret\u00e1vaj\u00fa \u013eudia r\u00f4zneho veku, profesi\u00ed, ktor\u00fdch sp\u00e1ja &#8230;<\/p>\n","protected":false},"author":1,"featured_media":5610,"comment_status":"open","ping_status":"open","sticky":false,"template":"","format":"standard","meta":{"footnotes":""},"categories":[2],"tags":[],"class_list":["post-28","post","type-post","status-publish","format-standard","has-post-thumbnail","hentry","category-o-nas"],"_links":{"self":[{"href":"https:\/\/www.arquitis.sk\/index.php?rest_route=\/wp\/v2\/posts\/28","targetHints":{"allow":["GET"]}}],"collection":[{"href":"https:\/\/www.arquitis.sk\/index.php?rest_route=\/wp\/v2\/posts"}],"about":[{"href":"https:\/\/www.arquitis.sk\/index.php?rest_route=\/wp\/v2\/types\/post"}],"author":[{"embeddable":true,"href":"https:\/\/www.arquitis.sk\/index.php?rest_route=\/wp\/v2\/users\/1"}],"replies":[{"embeddable":true,"href":"https:\/\/www.arquitis.sk\/index.php?rest_route=%2Fwp%2Fv2%2Fcomments&post=28"}],"version-history":[{"count":19,"href":"https:\/\/www.arquitis.sk\/index.php?rest_route=\/wp\/v2\/posts\/28\/revisions"}],"predecessor-version":[{"id":8306,"href":"https:\/\/www.arquitis.sk\/index.php?rest_route=\/wp\/v2\/posts\/28\/revisions\/8306"}],"wp:featuredmedia":[{"embeddable":true,"href":"https:\/\/www.arquitis.sk\/index.php?rest_route=\/wp\/v2\/media\/5610"}],"wp:attachment":[{"href":"https:\/\/www.arquitis.sk\/index.php?rest_route=%2Fwp%2Fv2%2Fmedia&parent=28"}],"wp:term":[{"taxonomy":"category","embeddable":true,"href":"https:\/\/www.arquitis.sk\/index.php?rest_route=%2Fwp%2Fv2%2Fcategories&post=28"},{"taxonomy":"post_tag","embeddable":true,"href":"https:\/\/www.arquitis.sk\/index.php?rest_route=%2Fwp%2Fv2%2Ftags&post=28"}],"curies":[{"name":"wp","href":"https:\/\/api.w.org\/{rel}","templated":true}]}}