{"id":3553,"date":"2016-09-17T20:18:57","date_gmt":"2016-09-17T18:18:57","guid":{"rendered":"http:\/\/www.arquitis.sk\/?p=3553"},"modified":"2016-09-17T20:20:14","modified_gmt":"2016-09-17T18:20:14","slug":"zmena-loga","status":"publish","type":"post","link":"https:\/\/www.arquitis.sk\/?p=3553","title":{"rendered":"Zmena loga"},"content":{"rendered":"<p>\u010cas let\u00ed a po troch rokoch sme sa rozhodli, \u017ee je \u010das na zmenu loga. P\u00f4vodn\u00e9 logo navrhol R\u00f3bert Pa\u0161kuliak pri zalo\u017een\u00ed klubu v roku 2013.<\/p>\n<p><img loading=\"lazy\" decoding=\"async\" class=\"wp-image-3555 aligncenter\" src=\"http:\/\/www.arquitis.sk\/wp-content\/uploads\/2016\/09\/logo-editovane-25.png\" alt=\"logo-editovane-25\" width=\"400\" height=\"324\" srcset=\"https:\/\/www.arquitis.sk\/wp-content\/uploads\/2016\/09\/logo-editovane-25.png 625w, https:\/\/www.arquitis.sk\/wp-content\/uploads\/2016\/09\/logo-editovane-25-150x121.png 150w, https:\/\/www.arquitis.sk\/wp-content\/uploads\/2016\/09\/logo-editovane-25-300x243.png 300w\" sizes=\"auto, (max-width: 400px) 100vw, 400px\" \/><\/p>\n<p>Nov\u00e9 Mirka Eli\u00e1\u0161ov\u00e1. Mot\u00edv lovca s lukom zostal &#8211; \u00a0len z pravek\u00e9ho sa pretransformoval na s\u00fa\u010dasn\u00fd dizajn. Klubovou farbou sa st\u00e1va zelen\u00e1 v kombin\u00e1cii s \u010diernou. S nov\u00fdm logom lad\u00ed aj nov\u00e1 klubov\u00e1 vlajka a tri\u010dk\u00e1, ktor\u00e9 ste si mohli v\u0161imn\u00fa\u0165 u\u017e na fotk\u00e1ch z uverejnen\u00fdch report\u00e1\u017ei a navrhla ich tie\u017e Mirka.\u00a0<img loading=\"lazy\" decoding=\"async\" class=\"wp-image-3554 aligncenter\" src=\"http:\/\/www.arquitis.sk\/wp-content\/uploads\/2016\/09\/arquitis-hlavicka.jpg\" alt=\"arquitis-hlavicka\" width=\"347\" height=\"333\" srcset=\"https:\/\/www.arquitis.sk\/wp-content\/uploads\/2016\/09\/arquitis-hlavicka.jpg 156w, https:\/\/www.arquitis.sk\/wp-content\/uploads\/2016\/09\/arquitis-hlavicka-150x144.jpg 150w\" sizes=\"auto, (max-width: 347px) 100vw, 347px\" \/><\/p>\n","protected":false},"excerpt":{"rendered":"<p>\u010cas let\u00ed a po troch rokoch sme sa rozhodli, \u017ee je \u010das na zmenu loga. P\u00f4vodn\u00e9 logo navrhol R\u00f3bert Pa\u0161kuliak pri zalo\u017een\u00ed klubu v roku 2013. Nov\u00e9 Mirka Eli\u00e1\u0161ov\u00e1. Mot\u00edv &#8230;<\/p>\n","protected":false},"author":1,"featured_media":3555,"comment_status":"open","ping_status":"open","sticky":false,"template":"","format":"standard","meta":{"footnotes":""},"categories":[4],"tags":[],"class_list":["post-3553","post","type-post","status-publish","format-standard","has-post-thumbnail","hentry","category-fotogaleria"],"_links":{"self":[{"href":"https:\/\/www.arquitis.sk\/index.php?rest_route=\/wp\/v2\/posts\/3553","targetHints":{"allow":["GET"]}}],"collection":[{"href":"https:\/\/www.arquitis.sk\/index.php?rest_route=\/wp\/v2\/posts"}],"about":[{"href":"https:\/\/www.arquitis.sk\/index.php?rest_route=\/wp\/v2\/types\/post"}],"author":[{"embeddable":true,"href":"https:\/\/www.arquitis.sk\/index.php?rest_route=\/wp\/v2\/users\/1"}],"replies":[{"embeddable":true,"href":"https:\/\/www.arquitis.sk\/index.php?rest_route=%2Fwp%2Fv2%2Fcomments&post=3553"}],"version-history":[{"count":1,"href":"https:\/\/www.arquitis.sk\/index.php?rest_route=\/wp\/v2\/posts\/3553\/revisions"}],"predecessor-version":[{"id":3556,"href":"https:\/\/www.arquitis.sk\/index.php?rest_route=\/wp\/v2\/posts\/3553\/revisions\/3556"}],"wp:featuredmedia":[{"embeddable":true,"href":"https:\/\/www.arquitis.sk\/index.php?rest_route=\/wp\/v2\/media\/3555"}],"wp:attachment":[{"href":"https:\/\/www.arquitis.sk\/index.php?rest_route=%2Fwp%2Fv2%2Fmedia&parent=3553"}],"wp:term":[{"taxonomy":"category","embeddable":true,"href":"https:\/\/www.arquitis.sk\/index.php?rest_route=%2Fwp%2Fv2%2Fcategories&post=3553"},{"taxonomy":"post_tag","embeddable":true,"href":"https:\/\/www.arquitis.sk\/index.php?rest_route=%2Fwp%2Fv2%2Ftags&post=3553"}],"curies":[{"name":"wp","href":"https:\/\/api.w.org\/{rel}","templated":true}]}}