{"id":3560,"date":"2016-09-19T21:09:17","date_gmt":"2016-09-19T19:09:17","guid":{"rendered":"http:\/\/www.arquitis.sk\/?p=3560"},"modified":"2016-09-20T10:00:09","modified_gmt":"2016-09-20T08:00:09","slug":"o-pohar-vojvodu-ctibora-beckov","status":"publish","type":"post","link":"https:\/\/www.arquitis.sk\/?p=3560","title":{"rendered":"O poh\u00e1r vojvodu Ctibora &#8211; Beckov"},"content":{"rendered":"<p>P\u00ed\u0161e sa de\u0148 17. 9. 2016. Na dne\u0161ok som sa te\u0161ila cel\u00fd rok. R\u00e1no ma zobudili kvapky da\u017e\u010fa padaj\u00face na parapetu. No dnes by mohli pada\u0165 aj f\u00fariky, v\u00f4bec by ma to neodradilo \u00eds\u0165 na tento pretek. Ke\u010f sme o siedmej nalo\u017eili kompletn\u00fa pos\u00e1dku auta, zistila som, \u017ee rovnak\u00fd n\u00e1zor maj\u00fa aj ostatn\u00fd. \ud83d\ude09 Cesta nam ubehla r\u00fdchlo a dokonca aj pr\u0161a\u0165 prestalo. Tak sme sa pote\u0161ili a v k\u00fatiku du\u0161e d\u00fafali, \u017ee na\u0161e rosni\u010dky sa s predpove\u010fou poc\u010dasia predsa len pom\u00fdlili&#8230; Ale nie, hne\u010f ako sme sa zaregistrovali za\u010dalo pr\u0161a\u0165 a tentoraz u\u017e neprest\u00e1valo. Na hrade n\u00e1s priv\u00edtali chleb\u00ed\u010dky s pomaz\u00e1nkou a cibu\u013eou, i medovn\u00ed\u010dky. Kr\u00e1sne dobov\u00e9 kost\u00fdmi niektor\u00fdch s\u00fa\u0165a\u017eiacich a organiz\u00e1torov, e\u0161te umocnili t\u00fa atmosf\u00e9ru preteku na hrade. Mala som pocit, \u017ee cestujem v \u010dase. Nevedela som sa do\u010dka\u0165 kedy to za\u010dne. No ke\u010f padol v\u00fdstrel na \u0161tart preteku, poviem \u00faprimne, skoro ma posadilo na zadok. To bola rana! Ako z dela&#8230; \ud83d\ude42<\/p>\n<p>&nbsp;<\/p>\n<p>Ka\u017ed\u00e1 skupinka mala svojho sprievodcu, ktor\u00fd vysvetlil kde m\u00e1me ako striela\u0165. My sme za\u010d\u00ednali na ter\u010di s n\u00e1zvom M\u0155tvolky. Napriek v\u00fddatn\u00e9mu da\u017e\u010fu sme sa zab\u00e1vali. Pohybliv\u00e9 ter\u010de, prekl\u00e1pa\u010dky, kyvadlo, drak pri studni, strielanie z ve\u017ee, ve\u013ek\u00e9 vzdialenosti a z\u00e1kern\u00e9 m\u00ednusove ter\u010de preverili na\u0161e schopnosti. \u0160koda, \u017ee b\u00farka vyhnala aj na\u0161ich spolubojovn\u00edkov z Martina, Veroniku s rodi\u010dmi a ich vern\u00fdm \u0161tvornoh\u00fdm spolo\u010dn\u00edkom.<\/p>\n<p>&nbsp;<\/p>\n<p>Mysl\u00edm, \u017ee m\u00f4\u017eem zodpovedne poveda\u0165, \u017ee napriek v\u0161etk\u00fdm n\u00e1strah\u00e1m, ktor\u00e9 tento pretek pripravil sme ho ust\u00e1li celkom pekne.<\/p>\n<p>&nbsp;<\/p>\n<p>\u010eakujeme organiz\u00e1torom za kr\u00e1sne str\u00e1venu sobotu.<\/p>\n<p>&nbsp;<\/p>\n<p><a href=\"http:\/\/www.arquitis.sk\/wp-content\/uploads\/2016\/09\/V\u00fdsledky-Beckov-17.9.2016.pdf\">vysledky-beckov-17-9-2016<\/a><\/p>\n\n\n<div id=\"gslideshow\" class=\"gss-container no-captions\">\n\t<div class=\"cycle-slideshow\" \n\t\tdata-cycle-slides=\"> a\"\n\t\tdata-cycle-paused=\"true\"\n\t\tdata-cycle-prev=\"#gslideshow_prev\"\n\t\tdata-cycle-next=\"#gslideshow_next\"\n\t\tdata-cycle-pager=\"#gslideshow_pager\"\n\t\tdata-cycle-pager-template=\"<a href=#>&nbsp;<\/a>\"\n\t\tdata-cycle-speed=\"750\"\n\t\t>\n\t\t\t<a href=\"https:\/\/www.arquitis.sk\/?attachment_id=3638\" data-cycle-caption=\"\"><img decoding=\"async\" src=\"https:\/\/www.arquitis.sk\/wp-content\/uploads\/2016\/09\/2016-09-17_Sutaz-o-pohar-vojvodu-Ctibora-Beckov_P1110942_r.jpg\" title=\"2016-09-17_sutaz-o-pohar-vojvodu-ctibora-beckov_p1110942_r\" alt=\"2016-09-17_sutaz-o-pohar-vojvodu-ctibora-beckov_p1110942_r\" \/><\/a>\n\n\t\t\t<a href=\"https:\/\/www.arquitis.sk\/?attachment_id=3639\" data-cycle-caption=\"\"><img decoding=\"async\" src=\"https:\/\/www.arquitis.sk\/wp-content\/uploads\/2016\/09\/2016-09-17_Sutaz-o-pohar-vojvodu-Ctibora-Beckov_P1110947_r.jpg\" title=\"2016-09-17_sutaz-o-pohar-vojvodu-ctibora-beckov_p1110947_r\" alt=\"2016-09-17_sutaz-o-pohar-vojvodu-ctibora-beckov_p1110947_r\" \/><\/a>\n\n\t\t\t<a href=\"https:\/\/www.arquitis.sk\/?attachment_id=3640\" data-cycle-caption=\"\"><img decoding=\"async\" src=\"https:\/\/www.arquitis.sk\/wp-content\/uploads\/2016\/09\/2016-09-17_Sutaz-o-pohar-vojvodu-Ctibora-Beckov_P1110950_r.jpg\" title=\"2016-09-17_sutaz-o-pohar-vojvodu-ctibora-beckov_p1110950_r\" alt=\"2016-09-17_sutaz-o-pohar-vojvodu-ctibora-beckov_p1110950_r\" \/><\/a>\n\n\t\t\t<a href=\"https:\/\/www.arquitis.sk\/?attachment_id=3641\" data-cycle-caption=\"\"><img decoding=\"async\" src=\"https:\/\/www.arquitis.sk\/wp-content\/uploads\/2016\/09\/2016-09-17_Sutaz-o-pohar-vojvodu-Ctibora-Beckov_P1110953_r.jpg\" title=\"2016-09-17_sutaz-o-pohar-vojvodu-ctibora-beckov_p1110953_r\" alt=\"2016-09-17_sutaz-o-pohar-vojvodu-ctibora-beckov_p1110953_r\" \/><\/a>\n\n\t\t\t<a href=\"https:\/\/www.arquitis.sk\/?attachment_id=3642\" data-cycle-caption=\"\"><img decoding=\"async\" src=\"https:\/\/www.arquitis.sk\/wp-content\/uploads\/2016\/09\/2016-09-17_Sutaz-o-pohar-vojvodu-Ctibora-Beckov_P1110962_r.jpg\" title=\"2016-09-17_sutaz-o-pohar-vojvodu-ctibora-beckov_p1110962_r\" alt=\"2016-09-17_sutaz-o-pohar-vojvodu-ctibora-beckov_p1110962_r\" \/><\/a>\n\n\t\t\t<a href=\"https:\/\/www.arquitis.sk\/?attachment_id=3643\" data-cycle-caption=\"\"><img decoding=\"async\" src=\"https:\/\/www.arquitis.sk\/wp-content\/uploads\/2016\/09\/2016-09-17_Sutaz-o-pohar-vojvodu-Ctibora-Beckov_P1110968_r.jpg\" title=\"2016-09-17_sutaz-o-pohar-vojvodu-ctibora-beckov_p1110968_r\" alt=\"2016-09-17_sutaz-o-pohar-vojvodu-ctibora-beckov_p1110968_r\" \/><\/a>\n\n\t\t\t<a href=\"https:\/\/www.arquitis.sk\/?attachment_id=3644\" data-cycle-caption=\"\"><img decoding=\"async\" src=\"https:\/\/www.arquitis.sk\/wp-content\/uploads\/2016\/09\/2016-09-17_Sutaz-o-pohar-vojvodu-Ctibora-Beckov_P1110972_r.jpg\" title=\"2016-09-17_sutaz-o-pohar-vojvodu-ctibora-beckov_p1110972_r\" alt=\"2016-09-17_sutaz-o-pohar-vojvodu-ctibora-beckov_p1110972_r\" \/><\/a>\n\n\t\t\t<a href=\"https:\/\/www.arquitis.sk\/?attachment_id=3645\" data-cycle-caption=\"\"><img decoding=\"async\" src=\"https:\/\/www.arquitis.sk\/wp-content\/uploads\/2016\/09\/2016-09-17_Sutaz-o-pohar-vojvodu-Ctibora-Beckov_P1110977_r.jpg\" title=\"2016-09-17_sutaz-o-pohar-vojvodu-ctibora-beckov_p1110977_r\" alt=\"2016-09-17_sutaz-o-pohar-vojvodu-ctibora-beckov_p1110977_r\" \/><\/a>\n\n\t\t\t<a href=\"https:\/\/www.arquitis.sk\/?attachment_id=3646\" data-cycle-caption=\"\"><img decoding=\"async\" src=\"https:\/\/www.arquitis.sk\/wp-content\/uploads\/2016\/09\/2016-09-17_Sutaz-o-pohar-vojvodu-Ctibora-Beckov_P1110988_r.jpg\" title=\"2016-09-17_sutaz-o-pohar-vojvodu-ctibora-beckov_p1110988_r\" alt=\"2016-09-17_sutaz-o-pohar-vojvodu-ctibora-beckov_p1110988_r\" \/><\/a>\n\n\t\t\t<a href=\"https:\/\/www.arquitis.sk\/?attachment_id=3647\" data-cycle-caption=\"\"><img decoding=\"async\" src=\"https:\/\/www.arquitis.sk\/wp-content\/uploads\/2016\/09\/2016-09-17_Sutaz-o-pohar-vojvodu-Ctibora-Beckov_P1110990_r.jpg\" title=\"2016-09-17_sutaz-o-pohar-vojvodu-ctibora-beckov_p1110990_r\" alt=\"2016-09-17_sutaz-o-pohar-vojvodu-ctibora-beckov_p1110990_r\" \/><\/a>\n\n\t\t\t<a href=\"https:\/\/www.arquitis.sk\/?attachment_id=3648\" data-cycle-caption=\"\"><img decoding=\"async\" src=\"https:\/\/www.arquitis.sk\/wp-content\/uploads\/2016\/09\/2016-09-17_Sutaz-o-pohar-vojvodu-Ctibora-Beckov_P1110992_r.jpg\" title=\"2016-09-17_sutaz-o-pohar-vojvodu-ctibora-beckov_p1110992_r\" alt=\"2016-09-17_sutaz-o-pohar-vojvodu-ctibora-beckov_p1110992_r\" \/><\/a>\n\n\t\t\t<a href=\"https:\/\/www.arquitis.sk\/?attachment_id=3649\" data-cycle-caption=\"\"><img decoding=\"async\" src=\"https:\/\/www.arquitis.sk\/wp-content\/uploads\/2016\/09\/2016-09-17_Sutaz-o-pohar-vojvodu-Ctibora-Beckov_P1110994_r.jpg\" title=\"2016-09-17_sutaz-o-pohar-vojvodu-ctibora-beckov_p1110994_r\" alt=\"2016-09-17_sutaz-o-pohar-vojvodu-ctibora-beckov_p1110994_r\" \/><\/a>\n\n\t\t\t<a href=\"https:\/\/www.arquitis.sk\/?attachment_id=3650\" data-cycle-caption=\"\"><img decoding=\"async\" src=\"https:\/\/www.arquitis.sk\/wp-content\/uploads\/2016\/09\/2016-09-17_Sutaz-o-pohar-vojvodu-Ctibora-Beckov_P1120008_r.jpg\" title=\"2016-09-17_sutaz-o-pohar-vojvodu-ctibora-beckov_p1120008_r\" alt=\"2016-09-17_sutaz-o-pohar-vojvodu-ctibora-beckov_p1120008_r\" \/><\/a>\n\n\t\t\t<a href=\"https:\/\/www.arquitis.sk\/?attachment_id=3651\" data-cycle-caption=\"\"><img decoding=\"async\" src=\"https:\/\/www.arquitis.sk\/wp-content\/uploads\/2016\/09\/2016-09-17_Sutaz-o-pohar-vojvodu-Ctibora-Beckov_P1120009_r.jpg\" title=\"2016-09-17_sutaz-o-pohar-vojvodu-ctibora-beckov_p1120009_r\" alt=\"2016-09-17_sutaz-o-pohar-vojvodu-ctibora-beckov_p1120009_r\" \/><\/a>\n\n\t\t\t<a href=\"https:\/\/www.arquitis.sk\/?attachment_id=3652\" data-cycle-caption=\"\"><img decoding=\"async\" src=\"https:\/\/www.arquitis.sk\/wp-content\/uploads\/2016\/09\/2016-09-17_Sutaz-o-pohar-vojvodu-Ctibora-Beckov_P1120018_r.jpg\" title=\"2016-09-17_sutaz-o-pohar-vojvodu-ctibora-beckov_p1120018_r\" alt=\"2016-09-17_sutaz-o-pohar-vojvodu-ctibora-beckov_p1120018_r\" \/><\/a>\n\n\t\t\t<a href=\"https:\/\/www.arquitis.sk\/?attachment_id=3653\" data-cycle-caption=\"\"><img decoding=\"async\" src=\"https:\/\/www.arquitis.sk\/wp-content\/uploads\/2016\/09\/2016-09-17_Sutaz-o-pohar-vojvodu-Ctibora-Beckov_P1120022_r.jpg\" title=\"2016-09-17_sutaz-o-pohar-vojvodu-ctibora-beckov_p1120022_r\" alt=\"2016-09-17_sutaz-o-pohar-vojvodu-ctibora-beckov_p1120022_r\" \/><\/a>\n\n\t\t\t<a href=\"https:\/\/www.arquitis.sk\/?attachment_id=3654\" data-cycle-caption=\"\"><img decoding=\"async\" src=\"https:\/\/www.arquitis.sk\/wp-content\/uploads\/2016\/09\/2016-09-17_Sutaz-o-pohar-vojvodu-Ctibora-Beckov_P1120024_r.jpg\" title=\"2016-09-17_sutaz-o-pohar-vojvodu-ctibora-beckov_p1120024_r\" alt=\"2016-09-17_sutaz-o-pohar-vojvodu-ctibora-beckov_p1120024_r\" \/><\/a>\n\n\t\t\t<a href=\"https:\/\/www.arquitis.sk\/?attachment_id=3655\" data-cycle-caption=\"\"><img decoding=\"async\" src=\"https:\/\/www.arquitis.sk\/wp-content\/uploads\/2016\/09\/2016-09-17_Sutaz-o-pohar-vojvodu-Ctibora-Beckov_P1120026_r.jpg\" title=\"2016-09-17_sutaz-o-pohar-vojvodu-ctibora-beckov_p1120026_r\" alt=\"2016-09-17_sutaz-o-pohar-vojvodu-ctibora-beckov_p1120026_r\" \/><\/a>\n\n\t\t\t<a href=\"https:\/\/www.arquitis.sk\/?attachment_id=3656\" data-cycle-caption=\"\"><img decoding=\"async\" src=\"https:\/\/www.arquitis.sk\/wp-content\/uploads\/2016\/09\/2016-09-17_Sutaz-o-pohar-vojvodu-Ctibora-Beckov_P1120032_r.jpg\" title=\"2016-09-17_sutaz-o-pohar-vojvodu-ctibora-beckov_p1120032_r\" alt=\"2016-09-17_sutaz-o-pohar-vojvodu-ctibora-beckov_p1120032_r\" \/><\/a>\n\n\t\t\t<a href=\"https:\/\/www.arquitis.sk\/?attachment_id=3657\" data-cycle-caption=\"\"><img decoding=\"async\" src=\"https:\/\/www.arquitis.sk\/wp-content\/uploads\/2016\/09\/2016-09-17_Sutaz-o-pohar-vojvodu-Ctibora-Beckov_P1120033_a_r.jpg\" title=\"2016-09-17_sutaz-o-pohar-vojvodu-ctibora-beckov_p1120033_a_r\" alt=\"2016-09-17_sutaz-o-pohar-vojvodu-ctibora-beckov_p1120033_a_r\" \/><\/a>\n\n\t\t\t<a href=\"https:\/\/www.arquitis.sk\/?attachment_id=3658\" data-cycle-caption=\"\"><img decoding=\"async\" src=\"https:\/\/www.arquitis.sk\/wp-content\/uploads\/2016\/09\/2016-09-17_Sutaz-o-pohar-vojvodu-Ctibora-Beckov_P1120039_r.jpg\" title=\"2016-09-17_sutaz-o-pohar-vojvodu-ctibora-beckov_p1120039_r\" alt=\"2016-09-17_sutaz-o-pohar-vojvodu-ctibora-beckov_p1120039_r\" \/><\/a>\n\n\t\t\t<a href=\"https:\/\/www.arquitis.sk\/?attachment_id=3659\" data-cycle-caption=\"\"><img decoding=\"async\" src=\"https:\/\/www.arquitis.sk\/wp-content\/uploads\/2016\/09\/2016-09-17_Sutaz-o-pohar-vojvodu-Ctibora-Beckov_P1120041_r.jpg\" title=\"2016-09-17_sutaz-o-pohar-vojvodu-ctibora-beckov_p1120041_r\" alt=\"2016-09-17_sutaz-o-pohar-vojvodu-ctibora-beckov_p1120041_r\" \/><\/a>\n\n\t\t\t<a href=\"https:\/\/www.arquitis.sk\/?attachment_id=3660\" data-cycle-caption=\"\"><img decoding=\"async\" src=\"https:\/\/www.arquitis.sk\/wp-content\/uploads\/2016\/09\/2016-09-17_Sutaz-o-pohar-vojvodu-Ctibora-Beckov_P1120045_r.jpg\" title=\"2016-09-17_sutaz-o-pohar-vojvodu-ctibora-beckov_p1120045_r\" alt=\"2016-09-17_sutaz-o-pohar-vojvodu-ctibora-beckov_p1120045_r\" \/><\/a>\n\n\t\t\t<a href=\"https:\/\/www.arquitis.sk\/?attachment_id=3661\" data-cycle-caption=\"\"><img decoding=\"async\" src=\"https:\/\/www.arquitis.sk\/wp-content\/uploads\/2016\/09\/2016-09-17_Sutaz-o-pohar-vojvodu-Ctibora-Beckov_P1120046_r.jpg\" title=\"2016-09-17_sutaz-o-pohar-vojvodu-ctibora-beckov_p1120046_r\" alt=\"2016-09-17_sutaz-o-pohar-vojvodu-ctibora-beckov_p1120046_r\" \/><\/a>\n\n\t\t\t<a href=\"https:\/\/www.arquitis.sk\/?attachment_id=3662\" data-cycle-caption=\"\"><img decoding=\"async\" src=\"https:\/\/www.arquitis.sk\/wp-content\/uploads\/2016\/09\/2016-09-17_Sutaz-o-pohar-vojvodu-Ctibora-Beckov_P1120049_r.jpg\" title=\"2016-09-17_sutaz-o-pohar-vojvodu-ctibora-beckov_p1120049_r\" alt=\"2016-09-17_sutaz-o-pohar-vojvodu-ctibora-beckov_p1120049_r\" \/><\/a>\n\n\t\t\t<a href=\"https:\/\/www.arquitis.sk\/?attachment_id=3663\" data-cycle-caption=\"\"><img decoding=\"async\" src=\"https:\/\/www.arquitis.sk\/wp-content\/uploads\/2016\/09\/2016-09-17_Sutaz-o-pohar-vojvodu-Ctibora-Beckov_P1120057_r.jpg\" title=\"2016-09-17_sutaz-o-pohar-vojvodu-ctibora-beckov_p1120057_r\" alt=\"2016-09-17_sutaz-o-pohar-vojvodu-ctibora-beckov_p1120057_r\" \/><\/a>\n\n\t\t\t<a href=\"https:\/\/www.arquitis.sk\/?attachment_id=3664\" data-cycle-caption=\"\"><img decoding=\"async\" src=\"https:\/\/www.arquitis.sk\/wp-content\/uploads\/2016\/09\/2016-09-17_Sutaz-o-pohar-vojvodu-Ctibora-Beckov_P1120060_r.jpg\" title=\"2016-09-17_sutaz-o-pohar-vojvodu-ctibora-beckov_p1120060_r\" alt=\"2016-09-17_sutaz-o-pohar-vojvodu-ctibora-beckov_p1120060_r\" \/><\/a>\n\n\t\t\t<a href=\"https:\/\/www.arquitis.sk\/?attachment_id=3665\" data-cycle-caption=\"\"><img decoding=\"async\" src=\"https:\/\/www.arquitis.sk\/wp-content\/uploads\/2016\/09\/2016-09-17_Sutaz-o-pohar-vojvodu-Ctibora-Beckov_P1120061_c2_r.jpg\" title=\"2016-09-17_sutaz-o-pohar-vojvodu-ctibora-beckov_p1120061_c2_r\" alt=\"2016-09-17_sutaz-o-pohar-vojvodu-ctibora-beckov_p1120061_c2_r\" \/><\/a>\n\n\t\t\t<a href=\"https:\/\/www.arquitis.sk\/?attachment_id=3666\" data-cycle-caption=\"\"><img decoding=\"async\" src=\"https:\/\/www.arquitis.sk\/wp-content\/uploads\/2016\/09\/2016-09-17_Sutaz-o-pohar-vojvodu-Ctibora-Beckov_P1120063_r.jpg\" title=\"2016-09-17_sutaz-o-pohar-vojvodu-ctibora-beckov_p1120063_r\" alt=\"2016-09-17_sutaz-o-pohar-vojvodu-ctibora-beckov_p1120063_r\" \/><\/a>\n\n\t\t\t<a href=\"https:\/\/www.arquitis.sk\/?attachment_id=3667\" data-cycle-caption=\"\"><img decoding=\"async\" src=\"https:\/\/www.arquitis.sk\/wp-content\/uploads\/2016\/09\/2016-09-17_Sutaz-o-pohar-vojvodu-Ctibora-Beckov_P1120064_r.jpg\" title=\"2016-09-17_sutaz-o-pohar-vojvodu-ctibora-beckov_p1120064_r\" alt=\"2016-09-17_sutaz-o-pohar-vojvodu-ctibora-beckov_p1120064_r\" \/><\/a>\n\n\t\t\t<a href=\"https:\/\/www.arquitis.sk\/?attachment_id=3668\" data-cycle-caption=\"\"><img decoding=\"async\" src=\"https:\/\/www.arquitis.sk\/wp-content\/uploads\/2016\/09\/2016-09-17_Sutaz-o-pohar-vojvodu-Ctibora-Beckov_P1120073_r.jpg\" title=\"2016-09-17_sutaz-o-pohar-vojvodu-ctibora-beckov_p1120073_r\" alt=\"2016-09-17_sutaz-o-pohar-vojvodu-ctibora-beckov_p1120073_r\" \/><\/a>\n\n\t\t\t<a href=\"https:\/\/www.arquitis.sk\/?attachment_id=3669\" data-cycle-caption=\"\"><img decoding=\"async\" src=\"https:\/\/www.arquitis.sk\/wp-content\/uploads\/2016\/09\/2016-09-17_Sutaz-o-pohar-vojvodu-Ctibora-Beckov_P1120078_r.jpg\" title=\"2016-09-17_sutaz-o-pohar-vojvodu-ctibora-beckov_p1120078_r\" alt=\"2016-09-17_sutaz-o-pohar-vojvodu-ctibora-beckov_p1120078_r\" \/><\/a>\n\n\t\t\t<a href=\"https:\/\/www.arquitis.sk\/?attachment_id=3670\" data-cycle-caption=\"\"><img decoding=\"async\" src=\"https:\/\/www.arquitis.sk\/wp-content\/uploads\/2016\/09\/2016-09-17_Sutaz-o-pohar-vojvodu-Ctibora-Beckov_P1120087_r.jpg\" title=\"2016-09-17_sutaz-o-pohar-vojvodu-ctibora-beckov_p1120087_r\" alt=\"2016-09-17_sutaz-o-pohar-vojvodu-ctibora-beckov_p1120087_r\" \/><\/a>\n\n\t\t\t<a href=\"https:\/\/www.arquitis.sk\/?attachment_id=3671\" data-cycle-caption=\"\"><img decoding=\"async\" src=\"https:\/\/www.arquitis.sk\/wp-content\/uploads\/2016\/09\/2016-09-17_Sutaz-o-pohar-vojvodu-Ctibora-Beckov_P1120089_r.jpg\" title=\"2016-09-17_sutaz-o-pohar-vojvodu-ctibora-beckov_p1120089_r\" alt=\"2016-09-17_sutaz-o-pohar-vojvodu-ctibora-beckov_p1120089_r\" \/><\/a>\n\n\t\t\t<a href=\"https:\/\/www.arquitis.sk\/?attachment_id=3672\" data-cycle-caption=\"\"><img decoding=\"async\" src=\"https:\/\/www.arquitis.sk\/wp-content\/uploads\/2016\/09\/2016-09-17_Sutaz-o-pohar-vojvodu-Ctibora-Beckov_P1120090_r.jpg\" title=\"2016-09-17_sutaz-o-pohar-vojvodu-ctibora-beckov_p1120090_r\" alt=\"2016-09-17_sutaz-o-pohar-vojvodu-ctibora-beckov_p1120090_r\" \/><\/a>\n\t<\/div>\n\t<div class=\"gss-info\">\n\t\t<div class=\"gss-nav\"><div id=\"gslideshow_prev\" class=\"gss-prev\">&lt;<\/div><div id=\"gslideshow_play\" class=\"gss-play\">&#9658;<\/div><div id=\"gslideshow_next\" class=\"gss-next\">&gt;<\/div><\/div>\n\t\t\t<div id=\"gslideshow_pager\" class=\"gss-pager\"><\/div>\n\t<\/div>\n<\/div>\n\n\n","protected":false},"excerpt":{"rendered":"<p>P\u00ed\u0161e sa de\u0148 17. 9. 2016. Na dne\u0161ok som sa te\u0161ila cel\u00fd rok. R\u00e1no ma zobudili kvapky da\u017e\u010fa padaj\u00face na parapetu. No dnes by mohli pada\u0165 aj f\u00fariky, v\u00f4bec by &#8230;<\/p>\n","protected":false},"author":1,"featured_media":3657,"comment_status":"open","ping_status":"open","sticky":false,"template":"","format":"standard","meta":{"footnotes":""},"categories":[4],"tags":[],"class_list":["post-3560","post","type-post","status-publish","format-standard","has-post-thumbnail","hentry","category-fotogaleria"],"_links":{"self":[{"href":"https:\/\/www.arquitis.sk\/index.php?rest_route=\/wp\/v2\/posts\/3560","targetHints":{"allow":["GET"]}}],"collection":[{"href":"https:\/\/www.arquitis.sk\/index.php?rest_route=\/wp\/v2\/posts"}],"about":[{"href":"https:\/\/www.arquitis.sk\/index.php?rest_route=\/wp\/v2\/types\/post"}],"author":[{"embeddable":true,"href":"https:\/\/www.arquitis.sk\/index.php?rest_route=\/wp\/v2\/users\/1"}],"replies":[{"embeddable":true,"href":"https:\/\/www.arquitis.sk\/index.php?rest_route=%2Fwp%2Fv2%2Fcomments&post=3560"}],"version-history":[{"count":6,"href":"https:\/\/www.arquitis.sk\/index.php?rest_route=\/wp\/v2\/posts\/3560\/revisions"}],"predecessor-version":[{"id":3676,"href":"https:\/\/www.arquitis.sk\/index.php?rest_route=\/wp\/v2\/posts\/3560\/revisions\/3676"}],"wp:featuredmedia":[{"embeddable":true,"href":"https:\/\/www.arquitis.sk\/index.php?rest_route=\/wp\/v2\/media\/3657"}],"wp:attachment":[{"href":"https:\/\/www.arquitis.sk\/index.php?rest_route=%2Fwp%2Fv2%2Fmedia&parent=3560"}],"wp:term":[{"taxonomy":"category","embeddable":true,"href":"https:\/\/www.arquitis.sk\/index.php?rest_route=%2Fwp%2Fv2%2Fcategories&post=3560"},{"taxonomy":"post_tag","embeddable":true,"href":"https:\/\/www.arquitis.sk\/index.php?rest_route=%2Fwp%2Fv2%2Ftags&post=3560"}],"curies":[{"name":"wp","href":"https:\/\/api.w.org\/{rel}","templated":true}]}}