{"id":6727,"date":"2019-04-20T17:12:02","date_gmt":"2019-04-20T17:12:02","guid":{"rendered":"http:\/\/www.arquitis.sk\/?p=6727"},"modified":"2019-04-20T17:22:03","modified_gmt":"2019-04-20T17:22:03","slug":"moravsky-zemsky-pohar-1-kolo-varin","status":"publish","type":"post","link":"https:\/\/www.arquitis.sk\/?p=6727","title":{"rendered":"Moravsk\u00fd zemsk\u00fd poh\u00e1r 1. kolo Var\u00edn"},"content":{"rendered":"\n<p>Pred\u013a\u017een\u00fd ve\u013ekono\u010dn\u00fd v\u00edkend sme sa na posledn\u00fa chv\u00ed\u013eu rozhodli str\u00e1vi\u0165 lukostre\u013ebou a z\u00fa\u010dastnili sme sa Moravsk\u00e9ho zemsk\u00e9ho poh\u00e1ra, ktor\u00e9ho prv\u00e9 kolo organizoval LK Var\u00edn. N\u00e1dhern\u00e9 po\u010dasie s\u013eubovalo pohodov\u00e9 strie\u013eanie a veru sa oplatilo pr\u00eds\u0165. Tra\u0165 bola op\u00e4\u0165 postaven\u00e1 na bud\u00facom okruhu ME2019, s t\u00fdm \u017ee oproti minulosti pribudla pekn\u00e1 l\u00fa\u010dna sekcia s v\u00fdh\u013eadmi na Pova\u017eie. <\/p>\n\n\n\n<p>Jo\u017eko \u010eugel si dal na stavbe trate z\u00e1le\u017ea\u0165 a pripravil n\u00e1ro\u010dn\u00fa a zauj\u00edmav\u00fa tra\u0165, ktor\u00e1 oproti minulosti sp\u013a\u0148ala aj krit\u00e9ri\u00e1 na bezpe\u010dnos\u0165. Mus\u00edm poveda\u0165, \u017ee sme si celkom precvi\u010dili odhady v\u00e4\u010d\u0161\u00edch vzdialenost\u00ed v \u010dlenitom ter\u00e9ne.<\/p>\n\n\n\n<p>N\u00e1\u0161 klub reprezentovali 4 pretek\u00e1ri, \u017eia\u013e okrem Ma\u0165ka, ktor\u00fd bol tentoraz s\u00e1m v kateg\u00f3rii HU s\u00e1m, sme nez\u00edskali \u017eiadnu medailu, ale to v\u00f4bec nevad\u00ed. Bol to perfektn\u00fd tr\u00e9ning na \u010fal\u0161ie kolo SP v Malinove.<\/p>\n\n\n\n<p>V\u00fdsledky: <\/p>\n\n\n\n<div class=\"wp-block-file\"><a href=\"http:\/\/www.arquitis.sk\/wp-content\/uploads\/2019\/04\/MZP-2019-1-kolo-Varin-vysledky.pdf\">MZP-2019-1-kolo-Varin-vysledky<\/a><a href=\"http:\/\/www.arquitis.sk\/wp-content\/uploads\/2019\/04\/MZP-2019-1-kolo-Varin-vysledky.pdf\" class=\"wp-block-file__button\" download>Stiahnu\u0165<\/a><\/div>\n\n\n\n<ul class=\"wp-block-gallery columns-1 is-cropped wp-block-gallery-1 is-layout-flex wp-block-gallery-is-layout-flex\"><li class=\"blocks-gallery-item\"><figure><img loading=\"lazy\" decoding=\"async\" width=\"433\" height=\"577\" src=\"http:\/\/www.arquitis.sk\/wp-content\/uploads\/2019\/04\/1.jpg\" alt=\"\" data-id=\"6729\" data-link=\"http:\/\/www.arquitis.sk\/?attachment_id=6729\" class=\"wp-image-6729\" srcset=\"https:\/\/www.arquitis.sk\/wp-content\/uploads\/2019\/04\/1.jpg 433w, https:\/\/www.arquitis.sk\/wp-content\/uploads\/2019\/04\/1-113x150.jpg 113w, https:\/\/www.arquitis.sk\/wp-content\/uploads\/2019\/04\/1-225x300.jpg 225w\" sizes=\"auto, (max-width: 433px) 100vw, 433px\" \/><\/figure><\/li><li class=\"blocks-gallery-item\"><figure><img loading=\"lazy\" decoding=\"async\" width=\"433\" height=\"577\" src=\"http:\/\/www.arquitis.sk\/wp-content\/uploads\/2019\/04\/2.jpg\" alt=\"\" data-id=\"6730\" data-link=\"http:\/\/www.arquitis.sk\/?attachment_id=6730\" class=\"wp-image-6730\" srcset=\"https:\/\/www.arquitis.sk\/wp-content\/uploads\/2019\/04\/2.jpg 433w, https:\/\/www.arquitis.sk\/wp-content\/uploads\/2019\/04\/2-113x150.jpg 113w, https:\/\/www.arquitis.sk\/wp-content\/uploads\/2019\/04\/2-225x300.jpg 225w\" sizes=\"auto, (max-width: 433px) 100vw, 433px\" \/><\/figure><\/li><li class=\"blocks-gallery-item\"><figure><img loading=\"lazy\" decoding=\"async\" width=\"433\" height=\"577\" src=\"http:\/\/www.arquitis.sk\/wp-content\/uploads\/2019\/04\/3.jpg\" alt=\"\" data-id=\"6731\" data-link=\"http:\/\/www.arquitis.sk\/?attachment_id=6731\" class=\"wp-image-6731\" srcset=\"https:\/\/www.arquitis.sk\/wp-content\/uploads\/2019\/04\/3.jpg 433w, https:\/\/www.arquitis.sk\/wp-content\/uploads\/2019\/04\/3-113x150.jpg 113w, https:\/\/www.arquitis.sk\/wp-content\/uploads\/2019\/04\/3-225x300.jpg 225w\" sizes=\"auto, (max-width: 433px) 100vw, 433px\" \/><\/figure><\/li><li class=\"blocks-gallery-item\"><figure><img loading=\"lazy\" decoding=\"async\" width=\"683\" height=\"1024\" src=\"http:\/\/www.arquitis.sk\/wp-content\/uploads\/2019\/04\/FB_IMG_1555780552243-683x1024.jpg\" alt=\"\" data-id=\"6734\" data-link=\"http:\/\/www.arquitis.sk\/?attachment_id=6734\" class=\"wp-image-6734\" srcset=\"https:\/\/www.arquitis.sk\/wp-content\/uploads\/2019\/04\/FB_IMG_1555780552243-683x1024.jpg 683w, https:\/\/www.arquitis.sk\/wp-content\/uploads\/2019\/04\/FB_IMG_1555780552243-100x150.jpg 100w, https:\/\/www.arquitis.sk\/wp-content\/uploads\/2019\/04\/FB_IMG_1555780552243-200x300.jpg 200w, https:\/\/www.arquitis.sk\/wp-content\/uploads\/2019\/04\/FB_IMG_1555780552243-768x1152.jpg 768w, https:\/\/www.arquitis.sk\/wp-content\/uploads\/2019\/04\/FB_IMG_1555780552243.jpg 1365w\" sizes=\"auto, (max-width: 683px) 100vw, 683px\" \/><\/figure><\/li><li class=\"blocks-gallery-item\"><figure><img loading=\"lazy\" decoding=\"async\" width=\"1024\" height=\"683\" src=\"http:\/\/www.arquitis.sk\/wp-content\/uploads\/2019\/04\/FB_IMG_1555780566843-1024x683.jpg\" alt=\"\" data-id=\"6735\" data-link=\"http:\/\/www.arquitis.sk\/?attachment_id=6735\" class=\"wp-image-6735\" srcset=\"https:\/\/www.arquitis.sk\/wp-content\/uploads\/2019\/04\/FB_IMG_1555780566843-1024x683.jpg 1024w, https:\/\/www.arquitis.sk\/wp-content\/uploads\/2019\/04\/FB_IMG_1555780566843-150x100.jpg 150w, https:\/\/www.arquitis.sk\/wp-content\/uploads\/2019\/04\/FB_IMG_1555780566843-300x200.jpg 300w, https:\/\/www.arquitis.sk\/wp-content\/uploads\/2019\/04\/FB_IMG_1555780566843-768x512.jpg 768w, https:\/\/www.arquitis.sk\/wp-content\/uploads\/2019\/04\/FB_IMG_1555780566843.jpg 1914w\" sizes=\"auto, (max-width: 1024px) 100vw, 1024px\" \/><\/figure><\/li><li class=\"blocks-gallery-item\"><figure><img loading=\"lazy\" decoding=\"async\" width=\"1024\" height=\"683\" src=\"http:\/\/www.arquitis.sk\/wp-content\/uploads\/2019\/04\/FB_IMG_1555780571377-1024x683.jpg\" alt=\"\" data-id=\"6736\" data-link=\"http:\/\/www.arquitis.sk\/?attachment_id=6736\" class=\"wp-image-6736\" srcset=\"https:\/\/www.arquitis.sk\/wp-content\/uploads\/2019\/04\/FB_IMG_1555780571377-1024x683.jpg 1024w, https:\/\/www.arquitis.sk\/wp-content\/uploads\/2019\/04\/FB_IMG_1555780571377-150x100.jpg 150w, https:\/\/www.arquitis.sk\/wp-content\/uploads\/2019\/04\/FB_IMG_1555780571377-300x200.jpg 300w, https:\/\/www.arquitis.sk\/wp-content\/uploads\/2019\/04\/FB_IMG_1555780571377-768x512.jpg 768w, https:\/\/www.arquitis.sk\/wp-content\/uploads\/2019\/04\/FB_IMG_1555780571377.jpg 1900w\" sizes=\"auto, (max-width: 1024px) 100vw, 1024px\" \/><\/figure><\/li><li class=\"blocks-gallery-item\"><figure><img loading=\"lazy\" decoding=\"async\" width=\"1024\" height=\"683\" src=\"http:\/\/www.arquitis.sk\/wp-content\/uploads\/2019\/04\/FB_IMG_1555780626399-1-1024x683.jpg\" alt=\"\" data-id=\"6737\" data-link=\"http:\/\/www.arquitis.sk\/?attachment_id=6737\" class=\"wp-image-6737\" srcset=\"https:\/\/www.arquitis.sk\/wp-content\/uploads\/2019\/04\/FB_IMG_1555780626399-1-1024x683.jpg 1024w, https:\/\/www.arquitis.sk\/wp-content\/uploads\/2019\/04\/FB_IMG_1555780626399-1-150x100.jpg 150w, https:\/\/www.arquitis.sk\/wp-content\/uploads\/2019\/04\/FB_IMG_1555780626399-1-300x200.jpg 300w, https:\/\/www.arquitis.sk\/wp-content\/uploads\/2019\/04\/FB_IMG_1555780626399-1-768x512.jpg 768w, https:\/\/www.arquitis.sk\/wp-content\/uploads\/2019\/04\/FB_IMG_1555780626399-1.jpg 1440w\" sizes=\"auto, (max-width: 1024px) 100vw, 1024px\" \/><\/figure><\/li><li class=\"blocks-gallery-item\"><figure><img loading=\"lazy\" decoding=\"async\" width=\"1024\" height=\"683\" src=\"http:\/\/www.arquitis.sk\/wp-content\/uploads\/2019\/04\/FB_IMG_1555780637066-1024x683.jpg\" alt=\"\" data-id=\"6738\" data-link=\"http:\/\/www.arquitis.sk\/?attachment_id=6738\" class=\"wp-image-6738\" srcset=\"https:\/\/www.arquitis.sk\/wp-content\/uploads\/2019\/04\/FB_IMG_1555780637066-1024x683.jpg 1024w, https:\/\/www.arquitis.sk\/wp-content\/uploads\/2019\/04\/FB_IMG_1555780637066-150x100.jpg 150w, https:\/\/www.arquitis.sk\/wp-content\/uploads\/2019\/04\/FB_IMG_1555780637066-300x200.jpg 300w, https:\/\/www.arquitis.sk\/wp-content\/uploads\/2019\/04\/FB_IMG_1555780637066-768x512.jpg 768w, https:\/\/www.arquitis.sk\/wp-content\/uploads\/2019\/04\/FB_IMG_1555780637066.jpg 1440w\" sizes=\"auto, (max-width: 1024px) 100vw, 1024px\" \/><\/figure><\/li><\/ul>\n","protected":false},"excerpt":{"rendered":"<p>Pred\u013a\u017een\u00fd ve\u013ekono\u010dn\u00fd v\u00edkend sme sa na posledn\u00fa chv\u00ed\u013eu rozhodli str\u00e1vi\u0165 lukostre\u013ebou a z\u00fa\u010dastnili sme sa Moravsk\u00e9ho zemsk\u00e9ho poh\u00e1ra, ktor\u00e9ho prv\u00e9 kolo organizoval LK Var\u00edn. N\u00e1dhern\u00e9 po\u010dasie s\u013eubovalo pohodov\u00e9 strie\u013eanie a &#8230;<\/p>\n","protected":false},"author":1,"featured_media":6733,"comment_status":"open","ping_status":"open","sticky":false,"template":"","format":"standard","meta":{"footnotes":""},"categories":[4],"tags":[],"class_list":["post-6727","post","type-post","status-publish","format-standard","has-post-thumbnail","hentry","category-fotogaleria"],"_links":{"self":[{"href":"https:\/\/www.arquitis.sk\/index.php?rest_route=\/wp\/v2\/posts\/6727","targetHints":{"allow":["GET"]}}],"collection":[{"href":"https:\/\/www.arquitis.sk\/index.php?rest_route=\/wp\/v2\/posts"}],"about":[{"href":"https:\/\/www.arquitis.sk\/index.php?rest_route=\/wp\/v2\/types\/post"}],"author":[{"embeddable":true,"href":"https:\/\/www.arquitis.sk\/index.php?rest_route=\/wp\/v2\/users\/1"}],"replies":[{"embeddable":true,"href":"https:\/\/www.arquitis.sk\/index.php?rest_route=%2Fwp%2Fv2%2Fcomments&post=6727"}],"version-history":[{"count":2,"href":"https:\/\/www.arquitis.sk\/index.php?rest_route=\/wp\/v2\/posts\/6727\/revisions"}],"predecessor-version":[{"id":6739,"href":"https:\/\/www.arquitis.sk\/index.php?rest_route=\/wp\/v2\/posts\/6727\/revisions\/6739"}],"wp:featuredmedia":[{"embeddable":true,"href":"https:\/\/www.arquitis.sk\/index.php?rest_route=\/wp\/v2\/media\/6733"}],"wp:attachment":[{"href":"https:\/\/www.arquitis.sk\/index.php?rest_route=%2Fwp%2Fv2%2Fmedia&parent=6727"}],"wp:term":[{"taxonomy":"category","embeddable":true,"href":"https:\/\/www.arquitis.sk\/index.php?rest_route=%2Fwp%2Fv2%2Fcategories&post=6727"},{"taxonomy":"post_tag","embeddable":true,"href":"https:\/\/www.arquitis.sk\/index.php?rest_route=%2Fwp%2Fv2%2Ftags&post=6727"}],"curies":[{"name":"wp","href":"https:\/\/api.w.org\/{rel}","templated":true}]}}