{"id":6929,"date":"2019-06-18T07:25:24","date_gmt":"2019-06-18T07:25:24","guid":{"rendered":"http:\/\/www.arquitis.sk\/?p=6929"},"modified":"2019-06-19T06:19:45","modified_gmt":"2019-06-19T06:19:45","slug":"koniec-lukostreleckeho-skolskeho-roka-2018-2019-na-zs-blatnica","status":"publish","type":"post","link":"https:\/\/www.arquitis.sk\/?p=6929","title":{"rendered":"Ukon\u010denie lukostreleck\u00e9ho \u0161kolsk\u00e9ho roka 2018\/2019 na Z\u0160 Blatnica"},"content":{"rendered":"\n<p>17.6.2019 sme ukon\u010dili kr\u00fa\u017eok lukostre\u013eby v \u0161kolskom roku 2018\/2019 na Z\u0160 Blatnica. Deti boli zlat\u00e9, sna\u017eili sa po\u010das cel\u00e9ho roka a do posledn\u00e9ho tr\u00e9ningu vydr\u017ealo 5 skaln\u00fdch. <\/p>\n\n\n\n<p>Naposledy v tomto \u0161kolskom roku si e\u0161te zahrali lukostreleck\u00e9 pi\u0161k\u00f4rky a tro\u0161ka smutn\u00e9, \u017ee u\u017e kon\u010d\u00edme \u0161li domov.<\/p>\n\n\n\n<p>Na sm\u00fatok v\u0161ak nie je d\u00f4vod. Pokra\u010dujeme aj roku 2019\/2020 \ud83d\ude42<\/p>\n\n\n\n<ul class=\"wp-block-gallery columns-1 is-cropped wp-block-gallery-1 is-layout-flex wp-block-gallery-is-layout-flex\"><li class=\"blocks-gallery-item\"><figure><img loading=\"lazy\" decoding=\"async\" width=\"1024\" height=\"768\" src=\"http:\/\/www.arquitis.sk\/wp-content\/uploads\/2019\/06\/IMG_20190617_1627396-1024x768.jpg\" alt=\"\" data-id=\"6930\" data-link=\"http:\/\/www.arquitis.sk\/?attachment_id=6930\" class=\"wp-image-6930\" srcset=\"https:\/\/www.arquitis.sk\/wp-content\/uploads\/2019\/06\/IMG_20190617_1627396.jpg 1024w, https:\/\/www.arquitis.sk\/wp-content\/uploads\/2019\/06\/IMG_20190617_1627396-150x113.jpg 150w, https:\/\/www.arquitis.sk\/wp-content\/uploads\/2019\/06\/IMG_20190617_1627396-300x225.jpg 300w, https:\/\/www.arquitis.sk\/wp-content\/uploads\/2019\/06\/IMG_20190617_1627396-768x576.jpg 768w\" sizes=\"auto, (max-width: 1024px) 100vw, 1024px\" \/><\/figure><\/li><li class=\"blocks-gallery-item\"><figure><img loading=\"lazy\" decoding=\"async\" width=\"1024\" height=\"768\" src=\"http:\/\/www.arquitis.sk\/wp-content\/uploads\/2019\/06\/IMG_20190617_1653509-1024x768.jpg\" alt=\"\" data-id=\"6931\" data-link=\"http:\/\/www.arquitis.sk\/?attachment_id=6931\" class=\"wp-image-6931\" srcset=\"https:\/\/www.arquitis.sk\/wp-content\/uploads\/2019\/06\/IMG_20190617_1653509.jpg 1024w, https:\/\/www.arquitis.sk\/wp-content\/uploads\/2019\/06\/IMG_20190617_1653509-150x113.jpg 150w, https:\/\/www.arquitis.sk\/wp-content\/uploads\/2019\/06\/IMG_20190617_1653509-300x225.jpg 300w, https:\/\/www.arquitis.sk\/wp-content\/uploads\/2019\/06\/IMG_20190617_1653509-768x576.jpg 768w\" sizes=\"auto, (max-width: 1024px) 100vw, 1024px\" \/><\/figure><\/li><li class=\"blocks-gallery-item\"><figure><img loading=\"lazy\" decoding=\"async\" width=\"1024\" height=\"768\" src=\"http:\/\/www.arquitis.sk\/wp-content\/uploads\/2019\/06\/IMG_20190617_1654042-1024x768.jpg\" alt=\"\" data-id=\"6932\" data-link=\"http:\/\/www.arquitis.sk\/?attachment_id=6932\" class=\"wp-image-6932\" srcset=\"https:\/\/www.arquitis.sk\/wp-content\/uploads\/2019\/06\/IMG_20190617_1654042.jpg 1024w, https:\/\/www.arquitis.sk\/wp-content\/uploads\/2019\/06\/IMG_20190617_1654042-150x113.jpg 150w, https:\/\/www.arquitis.sk\/wp-content\/uploads\/2019\/06\/IMG_20190617_1654042-300x225.jpg 300w, https:\/\/www.arquitis.sk\/wp-content\/uploads\/2019\/06\/IMG_20190617_1654042-768x576.jpg 768w\" sizes=\"auto, (max-width: 1024px) 100vw, 1024px\" \/><\/figure><\/li><li class=\"blocks-gallery-item\"><figure><img loading=\"lazy\" decoding=\"async\" width=\"1024\" height=\"768\" src=\"http:\/\/www.arquitis.sk\/wp-content\/uploads\/2019\/06\/IMG_20190617_1654220-1024x768.jpg\" alt=\"\" data-id=\"6933\" data-link=\"http:\/\/www.arquitis.sk\/?attachment_id=6933\" class=\"wp-image-6933\" srcset=\"https:\/\/www.arquitis.sk\/wp-content\/uploads\/2019\/06\/IMG_20190617_1654220.jpg 1024w, https:\/\/www.arquitis.sk\/wp-content\/uploads\/2019\/06\/IMG_20190617_1654220-150x113.jpg 150w, https:\/\/www.arquitis.sk\/wp-content\/uploads\/2019\/06\/IMG_20190617_1654220-300x225.jpg 300w, https:\/\/www.arquitis.sk\/wp-content\/uploads\/2019\/06\/IMG_20190617_1654220-768x576.jpg 768w\" sizes=\"auto, (max-width: 1024px) 100vw, 1024px\" \/><\/figure><\/li><\/ul>\n","protected":false},"excerpt":{"rendered":"<p>17.6.2019 sme ukon\u010dili kr\u00fa\u017eok lukostre\u013eby v \u0161kolskom roku 2018\/2019 na Z\u0160 Blatnica. Deti boli zlat\u00e9, sna\u017eili sa po\u010das cel\u00e9ho roka a do posledn\u00e9ho tr\u00e9ningu vydr\u017ealo 5 skaln\u00fdch. Naposledy v tomto &#8230;<\/p>\n","protected":false},"author":1,"featured_media":6934,"comment_status":"open","ping_status":"open","sticky":false,"template":"","format":"standard","meta":{"footnotes":""},"categories":[4],"tags":[],"class_list":["post-6929","post","type-post","status-publish","format-standard","has-post-thumbnail","hentry","category-fotogaleria"],"_links":{"self":[{"href":"https:\/\/www.arquitis.sk\/index.php?rest_route=\/wp\/v2\/posts\/6929","targetHints":{"allow":["GET"]}}],"collection":[{"href":"https:\/\/www.arquitis.sk\/index.php?rest_route=\/wp\/v2\/posts"}],"about":[{"href":"https:\/\/www.arquitis.sk\/index.php?rest_route=\/wp\/v2\/types\/post"}],"author":[{"embeddable":true,"href":"https:\/\/www.arquitis.sk\/index.php?rest_route=\/wp\/v2\/users\/1"}],"replies":[{"embeddable":true,"href":"https:\/\/www.arquitis.sk\/index.php?rest_route=%2Fwp%2Fv2%2Fcomments&post=6929"}],"version-history":[{"count":2,"href":"https:\/\/www.arquitis.sk\/index.php?rest_route=\/wp\/v2\/posts\/6929\/revisions"}],"predecessor-version":[{"id":6936,"href":"https:\/\/www.arquitis.sk\/index.php?rest_route=\/wp\/v2\/posts\/6929\/revisions\/6936"}],"wp:featuredmedia":[{"embeddable":true,"href":"https:\/\/www.arquitis.sk\/index.php?rest_route=\/wp\/v2\/media\/6934"}],"wp:attachment":[{"href":"https:\/\/www.arquitis.sk\/index.php?rest_route=%2Fwp%2Fv2%2Fmedia&parent=6929"}],"wp:term":[{"taxonomy":"category","embeddable":true,"href":"https:\/\/www.arquitis.sk\/index.php?rest_route=%2Fwp%2Fv2%2Fcategories&post=6929"},{"taxonomy":"post_tag","embeddable":true,"href":"https:\/\/www.arquitis.sk\/index.php?rest_route=%2Fwp%2Fv2%2Ftags&post=6929"}],"curies":[{"name":"wp","href":"https:\/\/api.w.org\/{rel}","templated":true}]}}