{"id":6975,"date":"2019-07-10T05:36:16","date_gmt":"2019-07-10T05:36:16","guid":{"rendered":"http:\/\/www.arquitis.sk\/?p=6975"},"modified":"2019-07-10T05:36:16","modified_gmt":"2019-07-10T05:36:16","slug":"stredoslovensky-pohar","status":"publish","type":"post","link":"https:\/\/www.arquitis.sk\/?p=6975","title":{"rendered":"Stredoslovensk\u00fd poh\u00e1r"},"content":{"rendered":"\n<p>&nbsp;Ke\u010f m\u00e1me slovensk\u00fd poh\u00e1r tak by bolo pekn\u00e9 \u00eds\u0165 ako\nStredoslov\u00e1ci, na&nbsp; \u201e<strong>stredoslovensk\u00fd poh\u00e1r<\/strong>\u201c.<\/p>\n\n\n\n<p>&nbsp;Bol to&nbsp;\nn\u00e1\u0161 prv\u00fd \u0161tart na tomto preteku, ktor\u00fd sa konal 22 .j\u00fana\na&nbsp;organizoval ho klub: \u0160K Orl\u00edk Slia\u010d.<\/p>\n\n\n\n<p>Ke\u010f\u017ee sme sa\npre pracovn\u00e9 a&nbsp;in\u00e9 povinnosti nemohli z\u00fa\u010dastni\u0165 in\u00fdch pretekov tak sme sa\nrozhodli&nbsp; cestova\u0165 i&nbsp;napriek&nbsp; vrtkav\u00e9mu&nbsp;\npo\u010dasiu do ne\u010falek\u00e9ho Slia\u010du.<\/p>\n\n\n\n<p>Z&nbsp;n\u00e1\u0161ho\nklubu sa pretekov z\u00fa\u010dastnili 5 \u010dlenovia: Miro, Tomo, Mi\u0161ka, Maxim a&nbsp;Matej.<\/p>\n\n\n\n<p>Po pr\u00edchode,\nregistr\u00e1cii a&nbsp;tr\u00e9ningu bol n\u00e1stup a&nbsp;pr\u00edhovor organiz\u00e1tora, kde\nspomenul d\u013a\u017eku najvzdialenej\u0161ieho ter\u010da.<\/p>\n\n\n\n<p>Tento seri\u00e1l\npretekov je in\u00fd t\u00fdm \u017ee sa strie\u013ea 19 ter\u010dov plus 1vzdialen\u00fd ter\u010d ktor\u00fd bol dnes\n\u201eVe\u013ek\u00fd Maco\u201c.<\/p>\n\n\n\n<p>Od \u010derven\u00e9ho\nkol\u00edka to bolo 65m a&nbsp;od modr\u00e9ho 50m tak\u017ee v\u00fdzva&#8230;..<\/p>\n\n\n\n<p>Na\u0161u skupinu\nsme tvorili Miro, Mi\u0161ka, Tomo a&nbsp;chalani ku\u0161isti z&nbsp;Detvy Miro\na&nbsp;Roman.<\/p>\n\n\n\n<p>Tra\u0165 nebola\nve\u013emi roz\u0165ahan\u00e1, ale \u010dakali n\u00e1s mal\u00e9, ale velmi mal\u00e9 prekvapenia ako zajace s&nbsp;parohami\na&nbsp; mor\u010dat\u00e1 ktor\u00e9 boli aj dos\u0165 \u010faleko.<\/p>\n\n\n\n<p>Neviem \u010di to stavite\u013e\ntra\u0165e &nbsp;zam\u00fd\u0161\u013eal, ale niektor\u00e9 ter\u010de boli\npostaven\u00e9 z\u00f3nami bokom a&nbsp;nie predkom ale aspo\u0148 bola sranda.<\/p>\n\n\n\n<p>Sem tam n\u00e1m\nnad hlavami preleteli st\u00edha\u010dky, aj ke\u010f sk\u00f4r ten zvuk pripom\u00ednal hrmenie, ale\nb\u00farke sme sa nevyhli a&nbsp;pri\u0161la o&nbsp;30min\u00fat sk\u00f4r ako predpovedali.<\/p>\n\n\n\n<p>Aj ke\u010f sme\nzmokli do nitky preteky sme si poriadne u\u017eili a&nbsp;e\u0161te aj z\u00edskali medaily: <\/p>\n\n\n\n<p>Mi\u0161ka\nGil\u00e1niov\u00e1 TRRB \u017eeny Striebro<\/p>\n\n\n\n<p>Tomo Kysel\nTRRB deti Striebro <\/p>\n\n\n\n<p>\u010eakujem\u00a0 organiz\u00e1torovi\u00a0 za pekn\u00fa a\u00a0ur\u010dite zauj\u00edmav\u00fa s\u00fa\u0165a\u017e&#8230;&#8230;..<\/p>\n\n\n\n<ul class=\"wp-block-gallery columns-1 is-cropped wp-block-gallery-1 is-layout-flex wp-block-gallery-is-layout-flex\"><li class=\"blocks-gallery-item\"><figure><img loading=\"lazy\" decoding=\"async\" width=\"768\" height=\"1024\" src=\"http:\/\/www.arquitis.sk\/wp-content\/uploads\/2019\/07\/received_364412560940925-768x1024.jpeg\" alt=\"\" data-id=\"6976\" data-link=\"http:\/\/www.arquitis.sk\/?attachment_id=6976\" class=\"wp-image-6976\" srcset=\"https:\/\/www.arquitis.sk\/wp-content\/uploads\/2019\/07\/received_364412560940925-768x1024.jpeg 768w, https:\/\/www.arquitis.sk\/wp-content\/uploads\/2019\/07\/received_364412560940925-113x150.jpeg 113w, https:\/\/www.arquitis.sk\/wp-content\/uploads\/2019\/07\/received_364412560940925-225x300.jpeg 225w, https:\/\/www.arquitis.sk\/wp-content\/uploads\/2019\/07\/received_364412560940925.jpeg 1296w\" sizes=\"auto, (max-width: 768px) 100vw, 768px\" \/><\/figure><\/li><li class=\"blocks-gallery-item\"><figure><img loading=\"lazy\" decoding=\"async\" width=\"768\" height=\"1024\" src=\"http:\/\/www.arquitis.sk\/wp-content\/uploads\/2019\/07\/received_1588627884603697-768x1024.jpeg\" alt=\"\" data-id=\"6978\" data-link=\"http:\/\/www.arquitis.sk\/?attachment_id=6978\" class=\"wp-image-6978\" srcset=\"https:\/\/www.arquitis.sk\/wp-content\/uploads\/2019\/07\/received_1588627884603697-768x1024.jpeg 768w, https:\/\/www.arquitis.sk\/wp-content\/uploads\/2019\/07\/received_1588627884603697-113x150.jpeg 113w, https:\/\/www.arquitis.sk\/wp-content\/uploads\/2019\/07\/received_1588627884603697-225x300.jpeg 225w, https:\/\/www.arquitis.sk\/wp-content\/uploads\/2019\/07\/received_1588627884603697.jpeg 1296w\" sizes=\"auto, (max-width: 768px) 100vw, 768px\" \/><\/figure><\/li><li class=\"blocks-gallery-item\"><figure><img loading=\"lazy\" decoding=\"async\" width=\"768\" height=\"1024\" src=\"http:\/\/www.arquitis.sk\/wp-content\/uploads\/2019\/07\/received_2250821485043475-768x1024.jpeg\" alt=\"\" data-id=\"6979\" data-link=\"http:\/\/www.arquitis.sk\/?attachment_id=6979\" class=\"wp-image-6979\" srcset=\"https:\/\/www.arquitis.sk\/wp-content\/uploads\/2019\/07\/received_2250821485043475-768x1024.jpeg 768w, https:\/\/www.arquitis.sk\/wp-content\/uploads\/2019\/07\/received_2250821485043475-113x150.jpeg 113w, https:\/\/www.arquitis.sk\/wp-content\/uploads\/2019\/07\/received_2250821485043475-225x300.jpeg 225w, https:\/\/www.arquitis.sk\/wp-content\/uploads\/2019\/07\/received_2250821485043475.jpeg 1296w\" sizes=\"auto, (max-width: 768px) 100vw, 768px\" \/><\/figure><\/li><li class=\"blocks-gallery-item\"><figure><img loading=\"lazy\" decoding=\"async\" width=\"768\" height=\"1024\" src=\"http:\/\/www.arquitis.sk\/wp-content\/uploads\/2019\/07\/received_2340955552890063-768x1024.jpeg\" alt=\"\" data-id=\"6980\" data-link=\"http:\/\/www.arquitis.sk\/?attachment_id=6980\" class=\"wp-image-6980\" srcset=\"https:\/\/www.arquitis.sk\/wp-content\/uploads\/2019\/07\/received_2340955552890063-768x1024.jpeg 768w, https:\/\/www.arquitis.sk\/wp-content\/uploads\/2019\/07\/received_2340955552890063-113x150.jpeg 113w, https:\/\/www.arquitis.sk\/wp-content\/uploads\/2019\/07\/received_2340955552890063-225x300.jpeg 225w, https:\/\/www.arquitis.sk\/wp-content\/uploads\/2019\/07\/received_2340955552890063.jpeg 1296w\" sizes=\"auto, (max-width: 768px) 100vw, 768px\" \/><\/figure><\/li><li class=\"blocks-gallery-item\"><figure><img loading=\"lazy\" decoding=\"async\" width=\"768\" height=\"1024\" src=\"http:\/\/www.arquitis.sk\/wp-content\/uploads\/2019\/07\/received_2431682266922300-768x1024.jpeg\" alt=\"\" data-id=\"6981\" data-link=\"http:\/\/www.arquitis.sk\/?attachment_id=6981\" class=\"wp-image-6981\" srcset=\"https:\/\/www.arquitis.sk\/wp-content\/uploads\/2019\/07\/received_2431682266922300-768x1024.jpeg 768w, https:\/\/www.arquitis.sk\/wp-content\/uploads\/2019\/07\/received_2431682266922300-113x150.jpeg 113w, https:\/\/www.arquitis.sk\/wp-content\/uploads\/2019\/07\/received_2431682266922300-225x300.jpeg 225w, https:\/\/www.arquitis.sk\/wp-content\/uploads\/2019\/07\/received_2431682266922300.jpeg 1296w\" sizes=\"auto, (max-width: 768px) 100vw, 768px\" \/><\/figure><\/li><\/ul>\n","protected":false},"excerpt":{"rendered":"<p>&nbsp;Ke\u010f m\u00e1me slovensk\u00fd poh\u00e1r tak by bolo pekn\u00e9 \u00eds\u0165 ako Stredoslov\u00e1ci, na&nbsp; \u201estredoslovensk\u00fd poh\u00e1r\u201c. &nbsp;Bol to&nbsp; n\u00e1\u0161 prv\u00fd \u0161tart na tomto preteku, ktor\u00fd sa konal 22 .j\u00fana a&nbsp;organizoval ho klub: &#8230;<\/p>\n","protected":false},"author":1,"featured_media":6980,"comment_status":"open","ping_status":"open","sticky":false,"template":"","format":"standard","meta":{"footnotes":""},"categories":[4],"tags":[],"class_list":["post-6975","post","type-post","status-publish","format-standard","has-post-thumbnail","hentry","category-fotogaleria"],"_links":{"self":[{"href":"https:\/\/www.arquitis.sk\/index.php?rest_route=\/wp\/v2\/posts\/6975","targetHints":{"allow":["GET"]}}],"collection":[{"href":"https:\/\/www.arquitis.sk\/index.php?rest_route=\/wp\/v2\/posts"}],"about":[{"href":"https:\/\/www.arquitis.sk\/index.php?rest_route=\/wp\/v2\/types\/post"}],"author":[{"embeddable":true,"href":"https:\/\/www.arquitis.sk\/index.php?rest_route=\/wp\/v2\/users\/1"}],"replies":[{"embeddable":true,"href":"https:\/\/www.arquitis.sk\/index.php?rest_route=%2Fwp%2Fv2%2Fcomments&post=6975"}],"version-history":[{"count":1,"href":"https:\/\/www.arquitis.sk\/index.php?rest_route=\/wp\/v2\/posts\/6975\/revisions"}],"predecessor-version":[{"id":6982,"href":"https:\/\/www.arquitis.sk\/index.php?rest_route=\/wp\/v2\/posts\/6975\/revisions\/6982"}],"wp:featuredmedia":[{"embeddable":true,"href":"https:\/\/www.arquitis.sk\/index.php?rest_route=\/wp\/v2\/media\/6980"}],"wp:attachment":[{"href":"https:\/\/www.arquitis.sk\/index.php?rest_route=%2Fwp%2Fv2%2Fmedia&parent=6975"}],"wp:term":[{"taxonomy":"category","embeddable":true,"href":"https:\/\/www.arquitis.sk\/index.php?rest_route=%2Fwp%2Fv2%2Fcategories&post=6975"},{"taxonomy":"post_tag","embeddable":true,"href":"https:\/\/www.arquitis.sk\/index.php?rest_route=%2Fwp%2Fv2%2Ftags&post=6975"}],"curies":[{"name":"wp","href":"https:\/\/api.w.org\/{rel}","templated":true}]}}