{"id":7000,"date":"2019-07-15T05:23:48","date_gmt":"2019-07-15T05:23:48","guid":{"rendered":"http:\/\/www.arquitis.sk\/?p=7000"},"modified":"2019-07-15T05:23:48","modified_gmt":"2019-07-15T05:23:48","slug":"napisali-o-nas","status":"publish","type":"post","link":"https:\/\/www.arquitis.sk\/?p=7000","title":{"rendered":"Nap\u00edsali o n\u00e1s&#8230;"},"content":{"rendered":"\n<p>V podnikovom \u010dasopise NewsBUS \u017eilinskej SAD nap\u00edsali \u010dl\u00e1nok o \u010dlenovi n\u00e1\u0161ho klubu<\/p>\n\n\n\n<ul class=\"wp-block-gallery columns-1 is-cropped wp-block-gallery-1 is-layout-flex wp-block-gallery-is-layout-flex\"><li class=\"blocks-gallery-item\"><figure><img loading=\"lazy\" decoding=\"async\" width=\"725\" height=\"1024\" src=\"http:\/\/www.arquitis.sk\/wp-content\/uploads\/2019\/07\/IMG_20190714_1700326-725x1024.jpg\" alt=\"\" data-id=\"7002\" data-link=\"http:\/\/www.arquitis.sk\/?attachment_id=7002\" class=\"wp-image-7002\" srcset=\"https:\/\/www.arquitis.sk\/wp-content\/uploads\/2019\/07\/IMG_20190714_1700326-725x1024.jpg 725w, https:\/\/www.arquitis.sk\/wp-content\/uploads\/2019\/07\/IMG_20190714_1700326-106x150.jpg 106w, https:\/\/www.arquitis.sk\/wp-content\/uploads\/2019\/07\/IMG_20190714_1700326-212x300.jpg 212w, https:\/\/www.arquitis.sk\/wp-content\/uploads\/2019\/07\/IMG_20190714_1700326-768x1085.jpg 768w, https:\/\/www.arquitis.sk\/wp-content\/uploads\/2019\/07\/IMG_20190714_1700326.jpg 1189w\" sizes=\"auto, (max-width: 725px) 100vw, 725px\" \/><\/figure><\/li><\/ul>\n\n\n\n<ul class=\"wp-block-gallery columns-0 is-cropped wp-block-gallery-2 is-layout-flex wp-block-gallery-is-layout-flex\"><\/ul>\n","protected":false},"excerpt":{"rendered":"<p>V podnikovom \u010dasopise NewsBUS \u017eilinskej SAD nap\u00edsali \u010dl\u00e1nok o \u010dlenovi n\u00e1\u0161ho klubu<\/p>\n","protected":false},"author":1,"featured_media":7001,"comment_status":"open","ping_status":"open","sticky":false,"template":"","format":"standard","meta":{"footnotes":""},"categories":[4],"tags":[],"class_list":["post-7000","post","type-post","status-publish","format-standard","has-post-thumbnail","hentry","category-fotogaleria"],"_links":{"self":[{"href":"https:\/\/www.arquitis.sk\/index.php?rest_route=\/wp\/v2\/posts\/7000","targetHints":{"allow":["GET"]}}],"collection":[{"href":"https:\/\/www.arquitis.sk\/index.php?rest_route=\/wp\/v2\/posts"}],"about":[{"href":"https:\/\/www.arquitis.sk\/index.php?rest_route=\/wp\/v2\/types\/post"}],"author":[{"embeddable":true,"href":"https:\/\/www.arquitis.sk\/index.php?rest_route=\/wp\/v2\/users\/1"}],"replies":[{"embeddable":true,"href":"https:\/\/www.arquitis.sk\/index.php?rest_route=%2Fwp%2Fv2%2Fcomments&post=7000"}],"version-history":[{"count":1,"href":"https:\/\/www.arquitis.sk\/index.php?rest_route=\/wp\/v2\/posts\/7000\/revisions"}],"predecessor-version":[{"id":7003,"href":"https:\/\/www.arquitis.sk\/index.php?rest_route=\/wp\/v2\/posts\/7000\/revisions\/7003"}],"wp:featuredmedia":[{"embeddable":true,"href":"https:\/\/www.arquitis.sk\/index.php?rest_route=\/wp\/v2\/media\/7001"}],"wp:attachment":[{"href":"https:\/\/www.arquitis.sk\/index.php?rest_route=%2Fwp%2Fv2%2Fmedia&parent=7000"}],"wp:term":[{"taxonomy":"category","embeddable":true,"href":"https:\/\/www.arquitis.sk\/index.php?rest_route=%2Fwp%2Fv2%2Fcategories&post=7000"},{"taxonomy":"post_tag","embeddable":true,"href":"https:\/\/www.arquitis.sk\/index.php?rest_route=%2Fwp%2Fv2%2Ftags&post=7000"}],"curies":[{"name":"wp","href":"https:\/\/api.w.org\/{rel}","templated":true}]}}