{"id":7457,"date":"2020-01-20T09:13:22","date_gmt":"2020-01-20T09:13:22","guid":{"rendered":"http:\/\/www.arquitis.sk\/?p=7457"},"modified":"2020-01-23T06:44:05","modified_gmt":"2020-01-23T06:44:05","slug":"zimna-liga-4-kolo-malinovo","status":"publish","type":"post","link":"https:\/\/www.arquitis.sk\/?p=7457","title":{"rendered":"Zimn\u00e1 liga, 4. kolo Malinovo"},"content":{"rendered":"\n<p>Po dlh\u0161om \u010dase sme sa op\u00e4\u0165 z\u00fa\u010dastnili s\u00fa\u0165a\u017ee. Tentoraz sme cestovali k Bratislave do Malinova. Ostatn\u00e9 preteky sa n\u00e1m tu p\u00e1\u010dili tak sme sa te\u0161ili aj teraz.<\/p>\n\n\n\n<p>Organiz\u00e1tor postavil tra\u0165 v parku strednej \u0161koly, celkom 32 ter\u010dov. Napriek tomu, \u017ee park nie je ve\u013emi \u010dlenit\u00fd, tra\u0165 sa n\u00e1m p\u00e1\u010dila a zop\u00e1r ter\u010dov bolo aj celkom n\u00e1ro\u010dn\u00fdch, napr. zajace v prudkom kopci, \u010di srnka, alebo morky za \u00fadol\u00edm v dos\u0165 ve\u013ekej vzdialenosti. <\/p>\n\n\n\n<p>P\u00e1\u010dila sa n\u00e1m organiz\u00e1cia pretekov, v\u0161etko na \u010das, v\u00fdhodou bolo prostredie \u0161koly s ve\u013ekou jed\u00e1l\u0148ou, kde sme sa mohli schova\u0165 pred nepr\u00edjemn\u00fdm vlhk\u00fdm po\u010das\u00edm.<\/p>\n\n\n\n<p>Boli to pekn\u00e9 preteky a pre n\u00e1s dobr\u00fd zimn\u00fd tr\u00e9ning<\/p>\n\n\n\n<div class=\"wp-block-file\"><a href=\"http:\/\/www.arquitis.sk\/wp-content\/uploads\/2020\/01\/vysledky.pdf\">vysledky<\/a><a href=\"http:\/\/www.arquitis.sk\/wp-content\/uploads\/2020\/01\/vysledky.pdf\" class=\"wp-block-file__button\" download>Stiahnu\u0165<\/a><\/div>\n\n\n\n<figure class=\"wp-block-gallery columns-1 is-cropped wp-block-gallery-1 is-layout-flex wp-block-gallery-is-layout-flex\"><ul class=\"blocks-gallery-grid\"><li class=\"blocks-gallery-item\"><figure><img loading=\"lazy\" decoding=\"async\" width=\"1024\" height=\"768\" src=\"http:\/\/www.arquitis.sk\/wp-content\/uploads\/2020\/01\/20200118_134354.jpg\" alt=\"\" data-id=\"7459\" data-full-url=\"http:\/\/www.arquitis.sk\/wp-content\/uploads\/2020\/01\/20200118_134354.jpg\" data-link=\"http:\/\/www.arquitis.sk\/?attachment_id=7459\" class=\"wp-image-7459\" srcset=\"https:\/\/www.arquitis.sk\/wp-content\/uploads\/2020\/01\/20200118_134354.jpg 1024w, https:\/\/www.arquitis.sk\/wp-content\/uploads\/2020\/01\/20200118_134354-300x225.jpg 300w, https:\/\/www.arquitis.sk\/wp-content\/uploads\/2020\/01\/20200118_134354-150x113.jpg 150w, https:\/\/www.arquitis.sk\/wp-content\/uploads\/2020\/01\/20200118_134354-768x576.jpg 768w\" sizes=\"auto, (max-width: 1024px) 100vw, 1024px\" \/><\/figure><\/li><li class=\"blocks-gallery-item\"><figure><img loading=\"lazy\" decoding=\"async\" width=\"1024\" height=\"768\" src=\"http:\/\/www.arquitis.sk\/wp-content\/uploads\/2020\/01\/20200118_134404.jpg\" alt=\"\" data-id=\"7460\" data-full-url=\"http:\/\/www.arquitis.sk\/wp-content\/uploads\/2020\/01\/20200118_134404.jpg\" data-link=\"http:\/\/www.arquitis.sk\/?attachment_id=7460\" class=\"wp-image-7460\" srcset=\"https:\/\/www.arquitis.sk\/wp-content\/uploads\/2020\/01\/20200118_134404.jpg 1024w, https:\/\/www.arquitis.sk\/wp-content\/uploads\/2020\/01\/20200118_134404-300x225.jpg 300w, https:\/\/www.arquitis.sk\/wp-content\/uploads\/2020\/01\/20200118_134404-150x113.jpg 150w, https:\/\/www.arquitis.sk\/wp-content\/uploads\/2020\/01\/20200118_134404-768x576.jpg 768w\" sizes=\"auto, (max-width: 1024px) 100vw, 1024px\" \/><\/figure><\/li><\/ul><\/figure>\n","protected":false},"excerpt":{"rendered":"<p>Po dlh\u0161om \u010dase sme sa op\u00e4\u0165 z\u00fa\u010dastnili s\u00fa\u0165a\u017ee. Tentoraz sme cestovali k Bratislave do Malinova. Ostatn\u00e9 preteky sa n\u00e1m tu p\u00e1\u010dili tak sme sa te\u0161ili aj teraz. Organiz\u00e1tor postavil tra\u0165 &#8230;<\/p>\n","protected":false},"author":1,"featured_media":7458,"comment_status":"open","ping_status":"open","sticky":false,"template":"","format":"standard","meta":{"footnotes":""},"categories":[4],"tags":[],"class_list":["post-7457","post","type-post","status-publish","format-standard","has-post-thumbnail","hentry","category-fotogaleria"],"_links":{"self":[{"href":"https:\/\/www.arquitis.sk\/index.php?rest_route=\/wp\/v2\/posts\/7457","targetHints":{"allow":["GET"]}}],"collection":[{"href":"https:\/\/www.arquitis.sk\/index.php?rest_route=\/wp\/v2\/posts"}],"about":[{"href":"https:\/\/www.arquitis.sk\/index.php?rest_route=\/wp\/v2\/types\/post"}],"author":[{"embeddable":true,"href":"https:\/\/www.arquitis.sk\/index.php?rest_route=\/wp\/v2\/users\/1"}],"replies":[{"embeddable":true,"href":"https:\/\/www.arquitis.sk\/index.php?rest_route=%2Fwp%2Fv2%2Fcomments&post=7457"}],"version-history":[{"count":2,"href":"https:\/\/www.arquitis.sk\/index.php?rest_route=\/wp\/v2\/posts\/7457\/revisions"}],"predecessor-version":[{"id":7464,"href":"https:\/\/www.arquitis.sk\/index.php?rest_route=\/wp\/v2\/posts\/7457\/revisions\/7464"}],"wp:featuredmedia":[{"embeddable":true,"href":"https:\/\/www.arquitis.sk\/index.php?rest_route=\/wp\/v2\/media\/7458"}],"wp:attachment":[{"href":"https:\/\/www.arquitis.sk\/index.php?rest_route=%2Fwp%2Fv2%2Fmedia&parent=7457"}],"wp:term":[{"taxonomy":"category","embeddable":true,"href":"https:\/\/www.arquitis.sk\/index.php?rest_route=%2Fwp%2Fv2%2Fcategories&post=7457"},{"taxonomy":"post_tag","embeddable":true,"href":"https:\/\/www.arquitis.sk\/index.php?rest_route=%2Fwp%2Fv2%2Ftags&post=7457"}],"curies":[{"name":"wp","href":"https:\/\/api.w.org\/{rel}","templated":true}]}}