{"id":7466,"date":"2020-01-29T07:35:10","date_gmt":"2020-01-29T07:35:10","guid":{"rendered":"http:\/\/www.arquitis.sk\/?p=7466"},"modified":"2020-01-29T07:35:10","modified_gmt":"2020-01-29T07:35:10","slug":"rozbehli-sme-zimnu-klubovu-sutaz-2020","status":"publish","type":"post","link":"https:\/\/www.arquitis.sk\/?p=7466","title":{"rendered":"Rozbehli sme zimn\u00fa klubov\u00fa s\u00fa\u0165a\u017e 2020"},"content":{"rendered":"\n<p>Posledn\u00fd janu\u00e1rov\u00fd v\u00edkend sme si zorganizovali prv\u00e9 kolo klubovej s\u00fa\u0165a\u017ee v ter\u010dovej a 3D lukostre\u013ebe. Na jej organizovan\u00ed sme sa dohodli na v\u00fdro\u010dnej \u010dlenskej sch\u00f4dzi, kde sa pre ka\u017ed\u00e9 kolo prihl\u00e1sili dobrovo\u013en\u00edci na jeho organizovanie. Prv\u00e9 kolo perfektne zorganizoval Mi\u0161o Sekerka, za \u010do mu v\u0161etci ve\u013emi \u010fakujeme.<\/p>\n\n\n\n<p>V\u00fdsledky kola m\u00f4\u017eete n\u00e1js\u0165 v menu: SU\u0164A\u017dE\/V\u00ddSLEDKY KLUBOV\u00ddCH S\u00da\u0164A\u017d\u00cd<\/p>\n\n\n\n<p>\u010eal\u0161ie kol\u00e1 n\u00e1s \u010dakaj\u00fa v\u017edy na poslednom tr\u00e9ningu v mesiaci a s\u00fa\u0165a\u017e skon\u010di v Apr\u00edli 2020<\/p>\n\n\n\n<p><\/p>\n\n\n\n<p><\/p>\n","protected":false},"excerpt":{"rendered":"<p>Posledn\u00fd janu\u00e1rov\u00fd v\u00edkend sme si zorganizovali prv\u00e9 kolo klubovej s\u00fa\u0165a\u017ee v ter\u010dovej a 3D lukostre\u013ebe. Na jej organizovan\u00ed sme sa dohodli na v\u00fdro\u010dnej \u010dlenskej sch\u00f4dzi, kde sa pre ka\u017ed\u00e9 kolo &#8230;<\/p>\n","protected":false},"author":1,"featured_media":7467,"comment_status":"open","ping_status":"open","sticky":false,"template":"","format":"standard","meta":{"footnotes":""},"categories":[4],"tags":[],"class_list":["post-7466","post","type-post","status-publish","format-standard","has-post-thumbnail","hentry","category-fotogaleria"],"_links":{"self":[{"href":"https:\/\/www.arquitis.sk\/index.php?rest_route=\/wp\/v2\/posts\/7466","targetHints":{"allow":["GET"]}}],"collection":[{"href":"https:\/\/www.arquitis.sk\/index.php?rest_route=\/wp\/v2\/posts"}],"about":[{"href":"https:\/\/www.arquitis.sk\/index.php?rest_route=\/wp\/v2\/types\/post"}],"author":[{"embeddable":true,"href":"https:\/\/www.arquitis.sk\/index.php?rest_route=\/wp\/v2\/users\/1"}],"replies":[{"embeddable":true,"href":"https:\/\/www.arquitis.sk\/index.php?rest_route=%2Fwp%2Fv2%2Fcomments&post=7466"}],"version-history":[{"count":1,"href":"https:\/\/www.arquitis.sk\/index.php?rest_route=\/wp\/v2\/posts\/7466\/revisions"}],"predecessor-version":[{"id":7468,"href":"https:\/\/www.arquitis.sk\/index.php?rest_route=\/wp\/v2\/posts\/7466\/revisions\/7468"}],"wp:featuredmedia":[{"embeddable":true,"href":"https:\/\/www.arquitis.sk\/index.php?rest_route=\/wp\/v2\/media\/7467"}],"wp:attachment":[{"href":"https:\/\/www.arquitis.sk\/index.php?rest_route=%2Fwp%2Fv2%2Fmedia&parent=7466"}],"wp:term":[{"taxonomy":"category","embeddable":true,"href":"https:\/\/www.arquitis.sk\/index.php?rest_route=%2Fwp%2Fv2%2Fcategories&post=7466"},{"taxonomy":"post_tag","embeddable":true,"href":"https:\/\/www.arquitis.sk\/index.php?rest_route=%2Fwp%2Fv2%2Ftags&post=7466"}],"curies":[{"name":"wp","href":"https:\/\/api.w.org\/{rel}","templated":true}]}}