{"id":7602,"date":"2020-06-29T13:50:54","date_gmt":"2020-06-29T11:50:54","guid":{"rendered":"http:\/\/www.arquitis.sk\/?p=7602"},"modified":"2020-06-29T13:50:54","modified_gmt":"2020-06-29T11:50:54","slug":"teplicianska-25-ka","status":"publish","type":"post","link":"https:\/\/www.arquitis.sk\/?p=7602","title":{"rendered":"Tepli\u010dianska 25-ka"},"content":{"rendered":"\n<p>Po uvodn\u00fdch kol\u00e1ch Slovensk\u00e9ho poh\u00e1ra sme absolvovali \/ Matej a Maxim\/ men\u0161iu s\u00fa\u0165a\u017e organizovan\u00fa LK Var\u00edn \u2013 \u201eTepli\u010diansku 25-ku.\u201c S\u00fa\u0165a\u017e sa konala v\u00a0peknom prostred\u00ed v\u00a0obci Z\u00e1stranie.\u00a0<\/p>\n\n\n\n<p> S\u00fa\u0165a\u017e sme zobrali v\u00a0tr\u00e9ningovom duchu, hlavne teda ja,\u00a0 Maxim vyhral svoju kateg\u00f3riu a udr\u017eal si aj slu\u0161n\u00fd bodov\u00fd priemer na \u0161\u00edp \u2013 7,4.<\/p>\n\n\n\n<p>Tra\u0165 bola pekn\u00e1 a \u010dlenit\u00e1, strie\u013ealo sa hore kopcom, dole kopcom v&nbsp;lesoch a aj na l\u00fakach. Niektor\u00e9 ter\u010de boli ve\u013emi klamliv\u00e9 a strie\u013ealo sa aj na \u201emaxim\u00e1lky\u201c pod\u013ea pravidiel WA.<\/p>\n\n\n\n<p>Jo\u017ekovi \u010eugelovi patr\u00ed v\u010faka, \u017ee aj pri takej slab\u0161ej \u00fa\u010dasti \/okolo 60-70 \u013eud\u00ed\/ spravil pomerne kvalitn\u00e9 preteky.<\/p>\n\n\n\n<figure class=\"wp-block-gallery columns-1 is-cropped wp-block-gallery-1 is-layout-flex wp-block-gallery-is-layout-flex\"><ul class=\"blocks-gallery-grid\"><li class=\"blocks-gallery-item\"><figure><img loading=\"lazy\" decoding=\"async\" width=\"1024\" height=\"512\" src=\"http:\/\/www.arquitis.sk\/wp-content\/uploads\/2020\/06\/received_578496139517699-1024x512.jpeg\" alt=\"\" data-id=\"7603\" data-full-url=\"http:\/\/www.arquitis.sk\/wp-content\/uploads\/2020\/06\/received_578496139517699-scaled.jpeg\" data-link=\"http:\/\/www.arquitis.sk\/?attachment_id=7603\" class=\"wp-image-7603\" srcset=\"https:\/\/www.arquitis.sk\/wp-content\/uploads\/2020\/06\/received_578496139517699-1024x512.jpeg 1024w, https:\/\/www.arquitis.sk\/wp-content\/uploads\/2020\/06\/received_578496139517699-300x150.jpeg 300w, https:\/\/www.arquitis.sk\/wp-content\/uploads\/2020\/06\/received_578496139517699-150x75.jpeg 150w, https:\/\/www.arquitis.sk\/wp-content\/uploads\/2020\/06\/received_578496139517699-768x384.jpeg 768w, https:\/\/www.arquitis.sk\/wp-content\/uploads\/2020\/06\/received_578496139517699-1536x768.jpeg 1536w, https:\/\/www.arquitis.sk\/wp-content\/uploads\/2020\/06\/received_578496139517699-2048x1024.jpeg 2048w, https:\/\/www.arquitis.sk\/wp-content\/uploads\/2020\/06\/received_578496139517699-400x200.jpeg 400w, https:\/\/www.arquitis.sk\/wp-content\/uploads\/2020\/06\/received_578496139517699-849x424.jpeg 849w\" sizes=\"auto, (max-width: 1024px) 100vw, 1024px\" \/><\/figure><\/li><li class=\"blocks-gallery-item\"><figure><img loading=\"lazy\" decoding=\"async\" width=\"1024\" height=\"512\" src=\"http:\/\/www.arquitis.sk\/wp-content\/uploads\/2020\/06\/received_745320929551540-1024x512.jpeg\" alt=\"\" data-id=\"7604\" data-full-url=\"http:\/\/www.arquitis.sk\/wp-content\/uploads\/2020\/06\/received_745320929551540-scaled.jpeg\" data-link=\"http:\/\/www.arquitis.sk\/?attachment_id=7604\" class=\"wp-image-7604\" srcset=\"https:\/\/www.arquitis.sk\/wp-content\/uploads\/2020\/06\/received_745320929551540-1024x512.jpeg 1024w, https:\/\/www.arquitis.sk\/wp-content\/uploads\/2020\/06\/received_745320929551540-300x150.jpeg 300w, https:\/\/www.arquitis.sk\/wp-content\/uploads\/2020\/06\/received_745320929551540-150x75.jpeg 150w, https:\/\/www.arquitis.sk\/wp-content\/uploads\/2020\/06\/received_745320929551540-768x384.jpeg 768w, https:\/\/www.arquitis.sk\/wp-content\/uploads\/2020\/06\/received_745320929551540-1536x768.jpeg 1536w, https:\/\/www.arquitis.sk\/wp-content\/uploads\/2020\/06\/received_745320929551540-2048x1024.jpeg 2048w, https:\/\/www.arquitis.sk\/wp-content\/uploads\/2020\/06\/received_745320929551540-400x200.jpeg 400w, https:\/\/www.arquitis.sk\/wp-content\/uploads\/2020\/06\/received_745320929551540-849x424.jpeg 849w\" sizes=\"auto, (max-width: 1024px) 100vw, 1024px\" \/><\/figure><\/li><li class=\"blocks-gallery-item\"><figure><img loading=\"lazy\" decoding=\"async\" width=\"512\" height=\"1024\" src=\"http:\/\/www.arquitis.sk\/wp-content\/uploads\/2020\/06\/received_2408321106135376-512x1024.jpeg\" alt=\"\" data-id=\"7605\" data-full-url=\"http:\/\/www.arquitis.sk\/wp-content\/uploads\/2020\/06\/received_2408321106135376-scaled.jpeg\" data-link=\"http:\/\/www.arquitis.sk\/?attachment_id=7605\" class=\"wp-image-7605\" srcset=\"https:\/\/www.arquitis.sk\/wp-content\/uploads\/2020\/06\/received_2408321106135376-512x1024.jpeg 512w, https:\/\/www.arquitis.sk\/wp-content\/uploads\/2020\/06\/received_2408321106135376-150x300.jpeg 150w, https:\/\/www.arquitis.sk\/wp-content\/uploads\/2020\/06\/received_2408321106135376-75x150.jpeg 75w, https:\/\/www.arquitis.sk\/wp-content\/uploads\/2020\/06\/received_2408321106135376-768x1536.jpeg 768w, https:\/\/www.arquitis.sk\/wp-content\/uploads\/2020\/06\/received_2408321106135376-1024x2048.jpeg 1024w, https:\/\/www.arquitis.sk\/wp-content\/uploads\/2020\/06\/received_2408321106135376-scaled.jpeg 1280w\" sizes=\"auto, (max-width: 512px) 100vw, 512px\" \/><\/figure><\/li><li class=\"blocks-gallery-item\"><figure><img loading=\"lazy\" decoding=\"async\" width=\"1024\" height=\"512\" src=\"http:\/\/www.arquitis.sk\/wp-content\/uploads\/2020\/06\/received_3289432824454436-1024x512.jpeg\" alt=\"\" data-id=\"7606\" data-full-url=\"http:\/\/www.arquitis.sk\/wp-content\/uploads\/2020\/06\/received_3289432824454436-scaled.jpeg\" data-link=\"http:\/\/www.arquitis.sk\/?attachment_id=7606\" class=\"wp-image-7606\" srcset=\"https:\/\/www.arquitis.sk\/wp-content\/uploads\/2020\/06\/received_3289432824454436-1024x512.jpeg 1024w, https:\/\/www.arquitis.sk\/wp-content\/uploads\/2020\/06\/received_3289432824454436-300x150.jpeg 300w, https:\/\/www.arquitis.sk\/wp-content\/uploads\/2020\/06\/received_3289432824454436-150x75.jpeg 150w, https:\/\/www.arquitis.sk\/wp-content\/uploads\/2020\/06\/received_3289432824454436-768x384.jpeg 768w, https:\/\/www.arquitis.sk\/wp-content\/uploads\/2020\/06\/received_3289432824454436-1536x768.jpeg 1536w, https:\/\/www.arquitis.sk\/wp-content\/uploads\/2020\/06\/received_3289432824454436-2048x1024.jpeg 2048w, https:\/\/www.arquitis.sk\/wp-content\/uploads\/2020\/06\/received_3289432824454436-400x200.jpeg 400w, https:\/\/www.arquitis.sk\/wp-content\/uploads\/2020\/06\/received_3289432824454436-849x424.jpeg 849w\" sizes=\"auto, (max-width: 1024px) 100vw, 1024px\" \/><\/figure><\/li><li class=\"blocks-gallery-item\"><figure><img loading=\"lazy\" decoding=\"async\" width=\"512\" height=\"1024\" src=\"http:\/\/www.arquitis.sk\/wp-content\/uploads\/2020\/06\/received_3692795837403770-512x1024.jpeg\" alt=\"\" data-id=\"7607\" data-full-url=\"http:\/\/www.arquitis.sk\/wp-content\/uploads\/2020\/06\/received_3692795837403770-scaled.jpeg\" data-link=\"http:\/\/www.arquitis.sk\/?attachment_id=7607\" class=\"wp-image-7607\" srcset=\"https:\/\/www.arquitis.sk\/wp-content\/uploads\/2020\/06\/received_3692795837403770-512x1024.jpeg 512w, https:\/\/www.arquitis.sk\/wp-content\/uploads\/2020\/06\/received_3692795837403770-150x300.jpeg 150w, https:\/\/www.arquitis.sk\/wp-content\/uploads\/2020\/06\/received_3692795837403770-75x150.jpeg 75w, https:\/\/www.arquitis.sk\/wp-content\/uploads\/2020\/06\/received_3692795837403770-768x1536.jpeg 768w, https:\/\/www.arquitis.sk\/wp-content\/uploads\/2020\/06\/received_3692795837403770-1024x2048.jpeg 1024w, https:\/\/www.arquitis.sk\/wp-content\/uploads\/2020\/06\/received_3692795837403770-scaled.jpeg 1280w\" sizes=\"auto, (max-width: 512px) 100vw, 512px\" \/><\/figure><\/li><\/ul><\/figure>\n","protected":false},"excerpt":{"rendered":"<p>Po uvodn\u00fdch kol\u00e1ch Slovensk\u00e9ho poh\u00e1ra sme absolvovali \/ Matej a Maxim\/ men\u0161iu s\u00fa\u0165a\u017e organizovan\u00fa LK Var\u00edn \u2013 \u201eTepli\u010diansku 25-ku.\u201c S\u00fa\u0165a\u017e sa konala v\u00a0peknom prostred\u00ed v\u00a0obci Z\u00e1stranie.\u00a0 S\u00fa\u0165a\u017e sme zobrali v\u00a0tr\u00e9ningovom &#8230;<\/p>\n","protected":false},"author":1,"featured_media":7608,"comment_status":"open","ping_status":"open","sticky":false,"template":"","format":"standard","meta":{"footnotes":""},"categories":[4],"tags":[],"class_list":["post-7602","post","type-post","status-publish","format-standard","has-post-thumbnail","hentry","category-fotogaleria"],"_links":{"self":[{"href":"https:\/\/www.arquitis.sk\/index.php?rest_route=\/wp\/v2\/posts\/7602","targetHints":{"allow":["GET"]}}],"collection":[{"href":"https:\/\/www.arquitis.sk\/index.php?rest_route=\/wp\/v2\/posts"}],"about":[{"href":"https:\/\/www.arquitis.sk\/index.php?rest_route=\/wp\/v2\/types\/post"}],"author":[{"embeddable":true,"href":"https:\/\/www.arquitis.sk\/index.php?rest_route=\/wp\/v2\/users\/1"}],"replies":[{"embeddable":true,"href":"https:\/\/www.arquitis.sk\/index.php?rest_route=%2Fwp%2Fv2%2Fcomments&post=7602"}],"version-history":[{"count":1,"href":"https:\/\/www.arquitis.sk\/index.php?rest_route=\/wp\/v2\/posts\/7602\/revisions"}],"predecessor-version":[{"id":7609,"href":"https:\/\/www.arquitis.sk\/index.php?rest_route=\/wp\/v2\/posts\/7602\/revisions\/7609"}],"wp:featuredmedia":[{"embeddable":true,"href":"https:\/\/www.arquitis.sk\/index.php?rest_route=\/wp\/v2\/media\/7608"}],"wp:attachment":[{"href":"https:\/\/www.arquitis.sk\/index.php?rest_route=%2Fwp%2Fv2%2Fmedia&parent=7602"}],"wp:term":[{"taxonomy":"category","embeddable":true,"href":"https:\/\/www.arquitis.sk\/index.php?rest_route=%2Fwp%2Fv2%2Fcategories&post=7602"},{"taxonomy":"post_tag","embeddable":true,"href":"https:\/\/www.arquitis.sk\/index.php?rest_route=%2Fwp%2Fv2%2Ftags&post=7602"}],"curies":[{"name":"wp","href":"https:\/\/api.w.org\/{rel}","templated":true}]}}