{"id":8375,"date":"2021-07-12T11:48:19","date_gmt":"2021-07-12T09:48:19","guid":{"rendered":"http:\/\/www.arquitis.sk\/?p=8375"},"modified":"2021-07-12T11:48:21","modified_gmt":"2021-07-12T09:48:21","slug":"v-tieni-hradnych-lip","status":"publish","type":"post","link":"https:\/\/www.arquitis.sk\/?p=8375","title":{"rendered":"V tieni hradn\u00fdch l\u00edp"},"content":{"rendered":"\n<p>V sobotu 10.7. 2021sa konalo na Sklabinskom hrade podujatie s bohat\u00fdm historick\u00fdm programom, so skupinou historick\u00e9ho \u0161ermu Bellatorres, komentovan\u00e9 prehliadky m\u00fazea a hradu, stretnutie s historikom&#8230;. A tentoraz nech\u00fdbala ani lukostre\u013eba prezentovan\u00e1 na\u0161im klubom. Nad hradbami zaviala aj na\u0161a klubov\u00e1 vlajka \ud83d\ude42<\/p>\n\n\n\n<p>Postavili sme dve lukostreleck\u00e9 stanovi\u0161tia, kde na\u0161i \u010dlenovia ochotne vysvet\u013eovali z\u00e1klady lukostr\u013eeby pre n\u00e1v\u0161tevn\u00edkov. A bolo  ich ne\u00farekom.  Z\u00e1ujem vysk\u00fa\u0161a\u0165 si,  ak\u00fd je to pocit strie\u013ea\u0165 z luku bol nad o\u010dak\u00e1vania&#8230;.  Mali sa \u010do obraca\u0165 od r\u00e1na, a\u017e do neskor\u00e9ho poobedia. <\/p>\n\n\n\n<p>T\u00fato akciu sme po\u0148ali benefi\u010dne, ako slu\u017ebu verejnosti a propag\u00e1ciu lukostre\u013eby v na\u0161om regi\u00f3ne. Sme ve\u013emi radi, \u017ee z\u00e1ujem bol ve\u013ek\u00fd a mo\u017eno aj privedie zo p\u00e1r \u013eud\u00ed  k lustre\u013ebe a roz\u0161\u00edri po\u010det lukostrelcov v Turci.<\/p>\n\n\n\n<p>\u010eakujeme Mi\u0161ovi a Ma\u0165ovi za trpezlivos\u0165 a energiu s akou sa venovali n\u00e1v\u0161tevn\u00edkom podujatia \ud83d\ude42 a OZ Donjon, \u017ee n\u00e1s na akciu pozvali.<\/p>\n\n\n\n<figure class=\"wp-block-gallery columns-1 wp-block-gallery-1 is-layout-flex wp-block-gallery-is-layout-flex\"><ul class=\"blocks-gallery-grid\"><li class=\"blocks-gallery-item\"><figure><img loading=\"lazy\" decoding=\"async\" width=\"800\" height=\"600\" src=\"http:\/\/www.arquitis.sk\/wp-content\/uploads\/2021\/07\/IMG_20210710_124648.jpg\" alt=\"\" data-id=\"8376\" data-full-url=\"http:\/\/www.arquitis.sk\/wp-content\/uploads\/2021\/07\/IMG_20210710_124648.jpg\" data-link=\"http:\/\/www.arquitis.sk\/?attachment_id=8376\" class=\"wp-image-8376\" srcset=\"https:\/\/www.arquitis.sk\/wp-content\/uploads\/2021\/07\/IMG_20210710_124648.jpg 800w, https:\/\/www.arquitis.sk\/wp-content\/uploads\/2021\/07\/IMG_20210710_124648-300x225.jpg 300w, https:\/\/www.arquitis.sk\/wp-content\/uploads\/2021\/07\/IMG_20210710_124648-150x113.jpg 150w, https:\/\/www.arquitis.sk\/wp-content\/uploads\/2021\/07\/IMG_20210710_124648-768x576.jpg 768w\" sizes=\"auto, (max-width: 800px) 100vw, 800px\" \/><\/figure><\/li><li class=\"blocks-gallery-item\"><figure><img loading=\"lazy\" decoding=\"async\" width=\"800\" height=\"600\" src=\"http:\/\/www.arquitis.sk\/wp-content\/uploads\/2021\/07\/IMG_20210710_124701.jpg\" alt=\"\" data-id=\"8377\" data-full-url=\"http:\/\/www.arquitis.sk\/wp-content\/uploads\/2021\/07\/IMG_20210710_124701.jpg\" data-link=\"http:\/\/www.arquitis.sk\/?attachment_id=8377\" class=\"wp-image-8377\" srcset=\"https:\/\/www.arquitis.sk\/wp-content\/uploads\/2021\/07\/IMG_20210710_124701.jpg 800w, https:\/\/www.arquitis.sk\/wp-content\/uploads\/2021\/07\/IMG_20210710_124701-300x225.jpg 300w, https:\/\/www.arquitis.sk\/wp-content\/uploads\/2021\/07\/IMG_20210710_124701-150x113.jpg 150w, https:\/\/www.arquitis.sk\/wp-content\/uploads\/2021\/07\/IMG_20210710_124701-768x576.jpg 768w\" sizes=\"auto, (max-width: 800px) 100vw, 800px\" \/><\/figure><\/li><li class=\"blocks-gallery-item\"><figure><img loading=\"lazy\" decoding=\"async\" width=\"800\" height=\"600\" src=\"http:\/\/www.arquitis.sk\/wp-content\/uploads\/2021\/07\/IMG_20210710_124706.jpg\" alt=\"\" data-id=\"8378\" data-full-url=\"http:\/\/www.arquitis.sk\/wp-content\/uploads\/2021\/07\/IMG_20210710_124706.jpg\" data-link=\"http:\/\/www.arquitis.sk\/?attachment_id=8378\" class=\"wp-image-8378\" srcset=\"https:\/\/www.arquitis.sk\/wp-content\/uploads\/2021\/07\/IMG_20210710_124706.jpg 800w, https:\/\/www.arquitis.sk\/wp-content\/uploads\/2021\/07\/IMG_20210710_124706-300x225.jpg 300w, https:\/\/www.arquitis.sk\/wp-content\/uploads\/2021\/07\/IMG_20210710_124706-150x113.jpg 150w, https:\/\/www.arquitis.sk\/wp-content\/uploads\/2021\/07\/IMG_20210710_124706-768x576.jpg 768w\" sizes=\"auto, (max-width: 800px) 100vw, 800px\" \/><\/figure><\/li><\/ul><\/figure>\n","protected":false},"excerpt":{"rendered":"<p>V sobotu 10.7. 2021sa konalo na Sklabinskom hrade podujatie s bohat\u00fdm historick\u00fdm programom, so skupinou historick\u00e9ho \u0161ermu Bellatorres, komentovan\u00e9 prehliadky m\u00fazea a hradu, stretnutie s historikom&#8230;. A tentoraz nech\u00fdbala ani &#8230;<\/p>\n","protected":false},"author":1,"featured_media":8376,"comment_status":"open","ping_status":"open","sticky":false,"template":"","format":"standard","meta":{"footnotes":""},"categories":[4],"tags":[],"class_list":["post-8375","post","type-post","status-publish","format-standard","has-post-thumbnail","hentry","category-fotogaleria"],"_links":{"self":[{"href":"https:\/\/www.arquitis.sk\/index.php?rest_route=\/wp\/v2\/posts\/8375","targetHints":{"allow":["GET"]}}],"collection":[{"href":"https:\/\/www.arquitis.sk\/index.php?rest_route=\/wp\/v2\/posts"}],"about":[{"href":"https:\/\/www.arquitis.sk\/index.php?rest_route=\/wp\/v2\/types\/post"}],"author":[{"embeddable":true,"href":"https:\/\/www.arquitis.sk\/index.php?rest_route=\/wp\/v2\/users\/1"}],"replies":[{"embeddable":true,"href":"https:\/\/www.arquitis.sk\/index.php?rest_route=%2Fwp%2Fv2%2Fcomments&post=8375"}],"version-history":[{"count":1,"href":"https:\/\/www.arquitis.sk\/index.php?rest_route=\/wp\/v2\/posts\/8375\/revisions"}],"predecessor-version":[{"id":8379,"href":"https:\/\/www.arquitis.sk\/index.php?rest_route=\/wp\/v2\/posts\/8375\/revisions\/8379"}],"wp:featuredmedia":[{"embeddable":true,"href":"https:\/\/www.arquitis.sk\/index.php?rest_route=\/wp\/v2\/media\/8376"}],"wp:attachment":[{"href":"https:\/\/www.arquitis.sk\/index.php?rest_route=%2Fwp%2Fv2%2Fmedia&parent=8375"}],"wp:term":[{"taxonomy":"category","embeddable":true,"href":"https:\/\/www.arquitis.sk\/index.php?rest_route=%2Fwp%2Fv2%2Fcategories&post=8375"},{"taxonomy":"post_tag","embeddable":true,"href":"https:\/\/www.arquitis.sk\/index.php?rest_route=%2Fwp%2Fv2%2Ftags&post=8375"}],"curies":[{"name":"wp","href":"https:\/\/api.w.org\/{rel}","templated":true}]}}