{"id":8574,"date":"2021-09-27T14:43:54","date_gmt":"2021-09-27T12:43:54","guid":{"rendered":"http:\/\/www.arquitis.sk\/?p=8574"},"modified":"2021-09-27T14:43:55","modified_gmt":"2021-09-27T12:43:55","slug":"slovensky-pohar-7-kolo-dechtice","status":"publish","type":"post","link":"https:\/\/www.arquitis.sk\/?p=8574","title":{"rendered":"Slovensk\u00fd poh\u00e1r 7. kolo -Dechtice"},"content":{"rendered":"\n<p>Predposledn\u00e9 kolo SP organizoval LK Geronimo na zn\u00e1mom mieste v Dechticiach 11.9.2021.<\/p>\n\n\n\n<p>Nov\u00e1 tra\u0165 bola postaven\u00e1 v listnatom lese zauj\u00edmavo, \u0161koda da\u017e\u010fa, ktor\u00fd tra\u0165 rozbahnil a na niektor\u00fdch miestach sa k\u013azalo. Tu treba oceni\u0165, \u017ee boli v\u00fdkopan\u00e9 schod\u00edky, ktor\u00e9 pohyb v ter\u00e9ne u\u013eah\u010dili a spravili bezpe\u010dnej\u0161\u00edm.<\/p>\n\n\n\n<p>Celkovo organiza\u010dne boli preteky zvl\u00e1dnut\u00e9 dobre. 2-3 ter\u010de, by sme kv\u00f4li bezpe\u010dnosti postavili \u010falej, aby v pr\u00edpade odrazen\u00e9ho \u0161\u00edpu nedo\u0161lo k zraneniu pretek\u00e1rov.<\/p>\n\n\n\n<p>Z na\u0161ej mini v\u00fdpravy sa najlep\u0161ie darilo:<\/p>\n\n\n\n<p>Jakubovi Sekerkovi , OL, kadet<\/p>\n\n\n\n<p>Ktor\u00fd obsadil 3 miesto.<\/p>\n\n\n\n<div data-wp-interactive=\"core\/file\" class=\"wp-block-file\"><object data-wp-bind--hidden=\"!state.hasPdfPreview\" hidden class=\"wp-block-file__embed\" data=\"http:\/\/www.arquitis.sk\/wp-content\/uploads\/2021\/09\/vysledky-1.pdf\" type=\"application\/pdf\" style=\"width:100%;height:600px\" aria-label=\"Vlo\u017ei\u0165 Embed of vysledky-1..\"><\/object><a href=\"http:\/\/www.arquitis.sk\/wp-content\/uploads\/2021\/09\/vysledky-1.pdf\">vysledky-1<\/a><a href=\"http:\/\/www.arquitis.sk\/wp-content\/uploads\/2021\/09\/vysledky-1.pdf\" class=\"wp-block-file__button\" download>Stiahnu\u0165<\/a><\/div>\n\n\n\n<figure class=\"wp-block-gallery columns-1 is-cropped wp-block-gallery-1 is-layout-flex wp-block-gallery-is-layout-flex\"><ul class=\"blocks-gallery-grid\"><li class=\"blocks-gallery-item\"><figure><img loading=\"lazy\" decoding=\"async\" width=\"1024\" height=\"768\" src=\"http:\/\/www.arquitis.sk\/wp-content\/uploads\/2021\/09\/20210918_102617.jpg\" alt=\"\" data-id=\"8576\" data-full-url=\"http:\/\/www.arquitis.sk\/wp-content\/uploads\/2021\/09\/20210918_102617.jpg\" data-link=\"http:\/\/www.arquitis.sk\/?attachment_id=8576\" class=\"wp-image-8576\" srcset=\"https:\/\/www.arquitis.sk\/wp-content\/uploads\/2021\/09\/20210918_102617.jpg 1024w, https:\/\/www.arquitis.sk\/wp-content\/uploads\/2021\/09\/20210918_102617-300x225.jpg 300w, https:\/\/www.arquitis.sk\/wp-content\/uploads\/2021\/09\/20210918_102617-150x113.jpg 150w, https:\/\/www.arquitis.sk\/wp-content\/uploads\/2021\/09\/20210918_102617-768x576.jpg 768w\" sizes=\"auto, (max-width: 1024px) 100vw, 1024px\" \/><\/figure><\/li><li class=\"blocks-gallery-item\"><figure><img loading=\"lazy\" decoding=\"async\" width=\"576\" height=\"768\" src=\"http:\/\/www.arquitis.sk\/wp-content\/uploads\/2021\/09\/20210918_110152.jpg\" alt=\"\" data-id=\"8577\" data-full-url=\"http:\/\/www.arquitis.sk\/wp-content\/uploads\/2021\/09\/20210918_110152.jpg\" data-link=\"http:\/\/www.arquitis.sk\/?attachment_id=8577\" class=\"wp-image-8577\" srcset=\"https:\/\/www.arquitis.sk\/wp-content\/uploads\/2021\/09\/20210918_110152.jpg 576w, https:\/\/www.arquitis.sk\/wp-content\/uploads\/2021\/09\/20210918_110152-225x300.jpg 225w, https:\/\/www.arquitis.sk\/wp-content\/uploads\/2021\/09\/20210918_110152-113x150.jpg 113w\" sizes=\"auto, (max-width: 576px) 100vw, 576px\" \/><\/figure><\/li><li class=\"blocks-gallery-item\"><figure><img loading=\"lazy\" decoding=\"async\" width=\"1024\" height=\"768\" src=\"http:\/\/www.arquitis.sk\/wp-content\/uploads\/2021\/09\/IMG_20210918_153732.jpg\" alt=\"\" data-id=\"8578\" data-full-url=\"http:\/\/www.arquitis.sk\/wp-content\/uploads\/2021\/09\/IMG_20210918_153732.jpg\" data-link=\"http:\/\/www.arquitis.sk\/?attachment_id=8578\" class=\"wp-image-8578\" srcset=\"https:\/\/www.arquitis.sk\/wp-content\/uploads\/2021\/09\/IMG_20210918_153732.jpg 1024w, https:\/\/www.arquitis.sk\/wp-content\/uploads\/2021\/09\/IMG_20210918_153732-300x225.jpg 300w, https:\/\/www.arquitis.sk\/wp-content\/uploads\/2021\/09\/IMG_20210918_153732-150x113.jpg 150w, https:\/\/www.arquitis.sk\/wp-content\/uploads\/2021\/09\/IMG_20210918_153732-768x576.jpg 768w\" sizes=\"auto, (max-width: 1024px) 100vw, 1024px\" \/><\/figure><\/li><li class=\"blocks-gallery-item\"><figure><img loading=\"lazy\" decoding=\"async\" width=\"1024\" height=\"768\" src=\"http:\/\/www.arquitis.sk\/wp-content\/uploads\/2021\/09\/IMG_20210918_153741.jpg\" alt=\"\" data-id=\"8579\" data-full-url=\"http:\/\/www.arquitis.sk\/wp-content\/uploads\/2021\/09\/IMG_20210918_153741.jpg\" data-link=\"http:\/\/www.arquitis.sk\/?attachment_id=8579\" class=\"wp-image-8579\" srcset=\"https:\/\/www.arquitis.sk\/wp-content\/uploads\/2021\/09\/IMG_20210918_153741.jpg 1024w, https:\/\/www.arquitis.sk\/wp-content\/uploads\/2021\/09\/IMG_20210918_153741-300x225.jpg 300w, https:\/\/www.arquitis.sk\/wp-content\/uploads\/2021\/09\/IMG_20210918_153741-150x113.jpg 150w, https:\/\/www.arquitis.sk\/wp-content\/uploads\/2021\/09\/IMG_20210918_153741-768x576.jpg 768w\" sizes=\"auto, (max-width: 1024px) 100vw, 1024px\" \/><\/figure><\/li><\/ul><\/figure>\n","protected":false},"excerpt":{"rendered":"<p>Predposledn\u00e9 kolo SP organizoval LK Geronimo na zn\u00e1mom mieste v Dechticiach 11.9.2021. Nov\u00e1 tra\u0165 bola postaven\u00e1 v listnatom lese zauj\u00edmavo, \u0161koda da\u017e\u010fa, ktor\u00fd tra\u0165 rozbahnil a na niektor\u00fdch miestach sa &#8230;<\/p>\n","protected":false},"author":1,"featured_media":8579,"comment_status":"open","ping_status":"open","sticky":false,"template":"","format":"standard","meta":{"footnotes":""},"categories":[4],"tags":[],"class_list":["post-8574","post","type-post","status-publish","format-standard","has-post-thumbnail","hentry","category-fotogaleria"],"_links":{"self":[{"href":"https:\/\/www.arquitis.sk\/index.php?rest_route=\/wp\/v2\/posts\/8574","targetHints":{"allow":["GET"]}}],"collection":[{"href":"https:\/\/www.arquitis.sk\/index.php?rest_route=\/wp\/v2\/posts"}],"about":[{"href":"https:\/\/www.arquitis.sk\/index.php?rest_route=\/wp\/v2\/types\/post"}],"author":[{"embeddable":true,"href":"https:\/\/www.arquitis.sk\/index.php?rest_route=\/wp\/v2\/users\/1"}],"replies":[{"embeddable":true,"href":"https:\/\/www.arquitis.sk\/index.php?rest_route=%2Fwp%2Fv2%2Fcomments&post=8574"}],"version-history":[{"count":1,"href":"https:\/\/www.arquitis.sk\/index.php?rest_route=\/wp\/v2\/posts\/8574\/revisions"}],"predecessor-version":[{"id":8580,"href":"https:\/\/www.arquitis.sk\/index.php?rest_route=\/wp\/v2\/posts\/8574\/revisions\/8580"}],"wp:featuredmedia":[{"embeddable":true,"href":"https:\/\/www.arquitis.sk\/index.php?rest_route=\/wp\/v2\/media\/8579"}],"wp:attachment":[{"href":"https:\/\/www.arquitis.sk\/index.php?rest_route=%2Fwp%2Fv2%2Fmedia&parent=8574"}],"wp:term":[{"taxonomy":"category","embeddable":true,"href":"https:\/\/www.arquitis.sk\/index.php?rest_route=%2Fwp%2Fv2%2Fcategories&post=8574"},{"taxonomy":"post_tag","embeddable":true,"href":"https:\/\/www.arquitis.sk\/index.php?rest_route=%2Fwp%2Fv2%2Ftags&post=8574"}],"curies":[{"name":"wp","href":"https:\/\/api.w.org\/{rel}","templated":true}]}}