{"id":8932,"date":"2022-06-27T10:27:25","date_gmt":"2022-06-27T08:27:25","guid":{"rendered":"http:\/\/www.arquitis.sk\/?p=8932"},"modified":"2022-06-27T10:27:26","modified_gmt":"2022-06-27T08:27:26","slug":"west-cup-4-kolo-bojnice","status":"publish","type":"post","link":"https:\/\/www.arquitis.sk\/?p=8932","title":{"rendered":"West Cup 4. kolo &#8211; Bojnice"},"content":{"rendered":"\n<p>Najmen\u0161ia mo\u017en\u00e1 v\u00fdprava z n\u00e1\u0161ho klubo (1 \u010dlen) sa z\u00fa\u010dastnila 4. kola WestCupu v Bojniciach. \u017dIa\u013e neustriehli sme si term\u00edn a viac \u013eud\u00ed sa nestihlo prihl\u00e1si\u0165.<\/p>\n\n\n\n<p>Preteky sa konali na zn\u00e1mej trati. Organiz\u00e1cia pretekov na jednotku. Elektronick\u00e9 bodova\u010dky op\u00e4\u0165 zafungovali perfektne a nemuseli sme vypisova\u0165 na trati tradi\u010dn\u00e9 papierov\u00e9.<\/p>\n\n\n\n<p>K celkovo vinikaj\u00facemu pocitu z pretekov prispelo aj n\u00e1dhern\u00e9 po\u010dasie, aj ke\u010f 34 stup\u0148ov je u\u017e aj viac ako treba \ud83d\ude42<\/p>\n\n\n\n<p>V\u00fdsledky:<\/p>\n\n\n\n<ol class=\"wp-block-list\"><li>Robert Pa\u0161kuliak, TRRB mu\u017ei<\/li><\/ol>\n\n\n\n<div class=\"wp-block-file\"><a id=\"wp-block-file--media-8a17fb9f-ab53-401a-aab9-d934584b3eec\" href=\"http:\/\/www.arquitis.sk\/wp-content\/uploads\/2022\/06\/vysledky-2.pdf\">vysledky-2<\/a><a href=\"http:\/\/www.arquitis.sk\/wp-content\/uploads\/2022\/06\/vysledky-2.pdf\" class=\"wp-block-file__button\" download aria-describedby=\"wp-block-file--media-8a17fb9f-ab53-401a-aab9-d934584b3eec\">Stiahnu\u0165<\/a><\/div>\n\n\n\n<figure class=\"wp-block-image size-large\"><img loading=\"lazy\" decoding=\"async\" width=\"1024\" height=\"768\" src=\"http:\/\/www.arquitis.sk\/wp-content\/uploads\/2022\/06\/20220626_113539-1024x768.jpg\" alt=\"\" class=\"wp-image-8934\" srcset=\"https:\/\/www.arquitis.sk\/wp-content\/uploads\/2022\/06\/20220626_113539-1024x768.jpg 1024w, https:\/\/www.arquitis.sk\/wp-content\/uploads\/2022\/06\/20220626_113539-300x225.jpg 300w, https:\/\/www.arquitis.sk\/wp-content\/uploads\/2022\/06\/20220626_113539-150x113.jpg 150w, https:\/\/www.arquitis.sk\/wp-content\/uploads\/2022\/06\/20220626_113539-768x576.jpg 768w, https:\/\/www.arquitis.sk\/wp-content\/uploads\/2022\/06\/20220626_113539-1536x1152.jpg 1536w, https:\/\/www.arquitis.sk\/wp-content\/uploads\/2022\/06\/20220626_113539-2048x1536.jpg 2048w\" sizes=\"auto, (max-width: 1024px) 100vw, 1024px\" \/><\/figure>\n","protected":false},"excerpt":{"rendered":"<p>Najmen\u0161ia mo\u017en\u00e1 v\u00fdprava z n\u00e1\u0161ho klubo (1 \u010dlen) sa z\u00fa\u010dastnila 4. kola WestCupu v Bojniciach. \u017dIa\u013e neustriehli sme si term\u00edn a viac \u013eud\u00ed sa nestihlo prihl\u00e1si\u0165. Preteky sa konali na &#8230;<\/p>\n","protected":false},"author":1,"featured_media":8934,"comment_status":"open","ping_status":"open","sticky":false,"template":"","format":"standard","meta":{"footnotes":""},"categories":[4],"tags":[],"class_list":["post-8932","post","type-post","status-publish","format-standard","has-post-thumbnail","hentry","category-fotogaleria"],"_links":{"self":[{"href":"https:\/\/www.arquitis.sk\/index.php?rest_route=\/wp\/v2\/posts\/8932","targetHints":{"allow":["GET"]}}],"collection":[{"href":"https:\/\/www.arquitis.sk\/index.php?rest_route=\/wp\/v2\/posts"}],"about":[{"href":"https:\/\/www.arquitis.sk\/index.php?rest_route=\/wp\/v2\/types\/post"}],"author":[{"embeddable":true,"href":"https:\/\/www.arquitis.sk\/index.php?rest_route=\/wp\/v2\/users\/1"}],"replies":[{"embeddable":true,"href":"https:\/\/www.arquitis.sk\/index.php?rest_route=%2Fwp%2Fv2%2Fcomments&post=8932"}],"version-history":[{"count":1,"href":"https:\/\/www.arquitis.sk\/index.php?rest_route=\/wp\/v2\/posts\/8932\/revisions"}],"predecessor-version":[{"id":8935,"href":"https:\/\/www.arquitis.sk\/index.php?rest_route=\/wp\/v2\/posts\/8932\/revisions\/8935"}],"wp:featuredmedia":[{"embeddable":true,"href":"https:\/\/www.arquitis.sk\/index.php?rest_route=\/wp\/v2\/media\/8934"}],"wp:attachment":[{"href":"https:\/\/www.arquitis.sk\/index.php?rest_route=%2Fwp%2Fv2%2Fmedia&parent=8932"}],"wp:term":[{"taxonomy":"category","embeddable":true,"href":"https:\/\/www.arquitis.sk\/index.php?rest_route=%2Fwp%2Fv2%2Fcategories&post=8932"},{"taxonomy":"post_tag","embeddable":true,"href":"https:\/\/www.arquitis.sk\/index.php?rest_route=%2Fwp%2Fv2%2Ftags&post=8932"}],"curies":[{"name":"wp","href":"https:\/\/api.w.org\/{rel}","templated":true}]}}