{"id":9025,"date":"2022-08-23T10:41:10","date_gmt":"2022-08-23T08:41:10","guid":{"rendered":"http:\/\/www.arquitis.sk\/?p=9025"},"modified":"2022-08-23T10:41:59","modified_gmt":"2022-08-23T08:41:59","slug":"sp-6-kolo-filakovo-obrucna","status":"publish","type":"post","link":"https:\/\/www.arquitis.sk\/?p=9025","title":{"rendered":"SP 6. kolo Fi\u013eakovo &#8211; Obru\u010dn\u00e1"},"content":{"rendered":"\n<p>\u010eal\u0161ie kolo Slovensk\u00e9ho poh\u00e1ra sa konalo v peknom prostred\u00ed rekrea\u010dn\u00e9ho strediska na Obru\u010dnej. Organiz\u00e1tor pripravil kr\u00e1snu tra\u0165 s 34 ter\u010dami. Preteky mali vysok\u00fa \u0161portov\u00fa \u00farove\u0148 aj v\u010faka dobrej organiz\u00e1cii podujatia.<\/p>\n\n\n\n<p>Medailov\u00e9 umiestnenia:<\/p>\n\n\n\n<p>Zlato<\/p>\n\n\n\n<p>Maxim Hu\u0165an OL, deti<\/p>\n\n\n\n<p>Bronz:<\/p>\n\n\n\n<p>Tom\u00e1\u0161 Kysel, CU, kadet<\/p>\n\n\n\n<p>V\u00fdsledky:<\/p>\n\n\n\n<div class=\"wp-block-file\"><a id=\"wp-block-file--media-652d0f98-2b3d-43eb-861e-bd9f2f022bf5\" href=\"http:\/\/www.arquitis.sk\/wp-content\/uploads\/2022\/08\/vysledky-1.pdf\">vysledky-1<\/a><a href=\"http:\/\/www.arquitis.sk\/wp-content\/uploads\/2022\/08\/vysledky-1.pdf\" class=\"wp-block-file__button\" download aria-describedby=\"wp-block-file--media-652d0f98-2b3d-43eb-861e-bd9f2f022bf5\">Stiahnu\u0165<\/a><\/div>\n\n\n\n<figure class=\"wp-block-image size-large\"><img loading=\"lazy\" decoding=\"async\" width=\"1024\" height=\"768\" src=\"http:\/\/www.arquitis.sk\/wp-content\/uploads\/2022\/08\/20220820_153623-1-1024x768.jpg\" alt=\"\" class=\"wp-image-9029\" srcset=\"https:\/\/www.arquitis.sk\/wp-content\/uploads\/2022\/08\/20220820_153623-1-1024x768.jpg 1024w, https:\/\/www.arquitis.sk\/wp-content\/uploads\/2022\/08\/20220820_153623-1-300x225.jpg 300w, https:\/\/www.arquitis.sk\/wp-content\/uploads\/2022\/08\/20220820_153623-1-150x113.jpg 150w, https:\/\/www.arquitis.sk\/wp-content\/uploads\/2022\/08\/20220820_153623-1-768x576.jpg 768w, https:\/\/www.arquitis.sk\/wp-content\/uploads\/2022\/08\/20220820_153623-1-1536x1152.jpg 1536w, https:\/\/www.arquitis.sk\/wp-content\/uploads\/2022\/08\/20220820_153623-1-2048x1536.jpg 2048w\" sizes=\"auto, (max-width: 1024px) 100vw, 1024px\" \/><\/figure>\n","protected":false},"excerpt":{"rendered":"<p>\u010eal\u0161ie kolo Slovensk\u00e9ho poh\u00e1ra sa konalo v peknom prostred\u00ed rekrea\u010dn\u00e9ho strediska na Obru\u010dnej. Organiz\u00e1tor pripravil kr\u00e1snu tra\u0165 s 34 ter\u010dami. Preteky mali vysok\u00fa \u0161portov\u00fa \u00farove\u0148 aj v\u010faka dobrej organiz\u00e1cii podujatia. &#8230;<\/p>\n","protected":false},"author":1,"featured_media":9027,"comment_status":"open","ping_status":"open","sticky":false,"template":"","format":"standard","meta":{"footnotes":""},"categories":[4],"tags":[],"class_list":["post-9025","post","type-post","status-publish","format-standard","has-post-thumbnail","hentry","category-fotogaleria"],"_links":{"self":[{"href":"https:\/\/www.arquitis.sk\/index.php?rest_route=\/wp\/v2\/posts\/9025","targetHints":{"allow":["GET"]}}],"collection":[{"href":"https:\/\/www.arquitis.sk\/index.php?rest_route=\/wp\/v2\/posts"}],"about":[{"href":"https:\/\/www.arquitis.sk\/index.php?rest_route=\/wp\/v2\/types\/post"}],"author":[{"embeddable":true,"href":"https:\/\/www.arquitis.sk\/index.php?rest_route=\/wp\/v2\/users\/1"}],"replies":[{"embeddable":true,"href":"https:\/\/www.arquitis.sk\/index.php?rest_route=%2Fwp%2Fv2%2Fcomments&post=9025"}],"version-history":[{"count":2,"href":"https:\/\/www.arquitis.sk\/index.php?rest_route=\/wp\/v2\/posts\/9025\/revisions"}],"predecessor-version":[{"id":9030,"href":"https:\/\/www.arquitis.sk\/index.php?rest_route=\/wp\/v2\/posts\/9025\/revisions\/9030"}],"wp:featuredmedia":[{"embeddable":true,"href":"https:\/\/www.arquitis.sk\/index.php?rest_route=\/wp\/v2\/media\/9027"}],"wp:attachment":[{"href":"https:\/\/www.arquitis.sk\/index.php?rest_route=%2Fwp%2Fv2%2Fmedia&parent=9025"}],"wp:term":[{"taxonomy":"category","embeddable":true,"href":"https:\/\/www.arquitis.sk\/index.php?rest_route=%2Fwp%2Fv2%2Fcategories&post=9025"},{"taxonomy":"post_tag","embeddable":true,"href":"https:\/\/www.arquitis.sk\/index.php?rest_route=%2Fwp%2Fv2%2Ftags&post=9025"}],"curies":[{"name":"wp","href":"https:\/\/api.w.org\/{rel}","templated":true}]}}