{"id":9077,"date":"2022-11-02T11:06:09","date_gmt":"2022-11-02T10:06:09","guid":{"rendered":"http:\/\/www.arquitis.sk\/?p=9077"},"modified":"2022-11-02T11:08:51","modified_gmt":"2022-11-02T10:08:51","slug":"slovensky-pohar-7-kolo-dobsina","status":"publish","type":"post","link":"https:\/\/www.arquitis.sk\/?p=9077","title":{"rendered":"Slovensk\u00fd poh\u00e1r 7. kolo Dob\u0161in\u00e1"},"content":{"rendered":"\n<p><\/p>\n\n\n\n<p><\/p>\n\n\n\n<p>Umiestnenia:<\/p>\n\n\n\n<p><\/p>\n\n\n\n<p>3. miesto <\/p>\n\n\n\n<p>Tom\u00e1\u0161 Kysel CU, kadet<\/p>\n\n\n\n<p>Jakub Sekerka OL, kadet<\/p>\n\n\n\n<p>V\u00fdsledky:<\/p>\n\n\n\n<div class=\"wp-block-file\"><a id=\"wp-block-file--media-52d79ac8-8d0d-4ce6-b780-aa364089dade\" href=\"http:\/\/www.arquitis.sk\/wp-content\/uploads\/2022\/11\/vysledky.pdf\">vysledky<\/a><a href=\"http:\/\/www.arquitis.sk\/wp-content\/uploads\/2022\/11\/vysledky.pdf\" class=\"wp-block-file__button\" download aria-describedby=\"wp-block-file--media-52d79ac8-8d0d-4ce6-b780-aa364089dade\">Stiahnu\u0165<\/a><\/div>\n\n\n\n<figure class=\"wp-block-gallery has-nested-images columns-1 is-cropped wp-block-gallery-1 is-layout-flex wp-block-gallery-is-layout-flex\">\n<figure class=\"wp-block-image size-large\"><img loading=\"lazy\" decoding=\"async\" width=\"1024\" height=\"768\" data-id=\"9081\" src=\"http:\/\/www.arquitis.sk\/wp-content\/uploads\/2022\/11\/FB_IMG_1663609193800-1024x768.jpg\" alt=\"\" class=\"wp-image-9081\" srcset=\"https:\/\/www.arquitis.sk\/wp-content\/uploads\/2022\/11\/FB_IMG_1663609193800-1024x768.jpg 1024w, https:\/\/www.arquitis.sk\/wp-content\/uploads\/2022\/11\/FB_IMG_1663609193800-300x225.jpg 300w, https:\/\/www.arquitis.sk\/wp-content\/uploads\/2022\/11\/FB_IMG_1663609193800-150x113.jpg 150w, https:\/\/www.arquitis.sk\/wp-content\/uploads\/2022\/11\/FB_IMG_1663609193800-768x576.jpg 768w, https:\/\/www.arquitis.sk\/wp-content\/uploads\/2022\/11\/FB_IMG_1663609193800.jpg 1080w\" sizes=\"auto, (max-width: 1024px) 100vw, 1024px\" \/><\/figure>\n\n\n\n<figure class=\"wp-block-image size-large\"><img loading=\"lazy\" decoding=\"async\" width=\"1024\" height=\"768\" data-id=\"9079\" src=\"http:\/\/www.arquitis.sk\/wp-content\/uploads\/2022\/11\/FB_IMG_1663609228314-1024x768.jpg\" alt=\"\" class=\"wp-image-9079\" srcset=\"https:\/\/www.arquitis.sk\/wp-content\/uploads\/2022\/11\/FB_IMG_1663609228314-1024x768.jpg 1024w, https:\/\/www.arquitis.sk\/wp-content\/uploads\/2022\/11\/FB_IMG_1663609228314-300x225.jpg 300w, https:\/\/www.arquitis.sk\/wp-content\/uploads\/2022\/11\/FB_IMG_1663609228314-150x113.jpg 150w, https:\/\/www.arquitis.sk\/wp-content\/uploads\/2022\/11\/FB_IMG_1663609228314-768x576.jpg 768w, https:\/\/www.arquitis.sk\/wp-content\/uploads\/2022\/11\/FB_IMG_1663609228314.jpg 1080w\" sizes=\"auto, (max-width: 1024px) 100vw, 1024px\" \/><\/figure>\n\n\n\n<figure class=\"wp-block-image size-large\"><img loading=\"lazy\" decoding=\"async\" width=\"1024\" height=\"768\" data-id=\"9080\" src=\"http:\/\/www.arquitis.sk\/wp-content\/uploads\/2022\/11\/FB_IMG_1663609305240-1024x768.jpg\" alt=\"\" class=\"wp-image-9080\" srcset=\"https:\/\/www.arquitis.sk\/wp-content\/uploads\/2022\/11\/FB_IMG_1663609305240-1024x768.jpg 1024w, https:\/\/www.arquitis.sk\/wp-content\/uploads\/2022\/11\/FB_IMG_1663609305240-300x225.jpg 300w, https:\/\/www.arquitis.sk\/wp-content\/uploads\/2022\/11\/FB_IMG_1663609305240-150x113.jpg 150w, https:\/\/www.arquitis.sk\/wp-content\/uploads\/2022\/11\/FB_IMG_1663609305240-768x576.jpg 768w, https:\/\/www.arquitis.sk\/wp-content\/uploads\/2022\/11\/FB_IMG_1663609305240.jpg 1080w\" sizes=\"auto, (max-width: 1024px) 100vw, 1024px\" \/><\/figure>\n<\/figure>\n\n\n\n<p><\/p>\n","protected":false},"excerpt":{"rendered":"<p>Umiestnenia: 3. miesto Tom\u00e1\u0161 Kysel CU, kadet Jakub Sekerka OL, kadet V\u00fdsledky:<\/p>\n","protected":false},"author":1,"featured_media":9083,"comment_status":"open","ping_status":"open","sticky":false,"template":"","format":"standard","meta":{"footnotes":""},"categories":[4],"tags":[],"class_list":["post-9077","post","type-post","status-publish","format-standard","has-post-thumbnail","hentry","category-fotogaleria"],"_links":{"self":[{"href":"https:\/\/www.arquitis.sk\/index.php?rest_route=\/wp\/v2\/posts\/9077","targetHints":{"allow":["GET"]}}],"collection":[{"href":"https:\/\/www.arquitis.sk\/index.php?rest_route=\/wp\/v2\/posts"}],"about":[{"href":"https:\/\/www.arquitis.sk\/index.php?rest_route=\/wp\/v2\/types\/post"}],"author":[{"embeddable":true,"href":"https:\/\/www.arquitis.sk\/index.php?rest_route=\/wp\/v2\/users\/1"}],"replies":[{"embeddable":true,"href":"https:\/\/www.arquitis.sk\/index.php?rest_route=%2Fwp%2Fv2%2Fcomments&post=9077"}],"version-history":[{"count":1,"href":"https:\/\/www.arquitis.sk\/index.php?rest_route=\/wp\/v2\/posts\/9077\/revisions"}],"predecessor-version":[{"id":9082,"href":"https:\/\/www.arquitis.sk\/index.php?rest_route=\/wp\/v2\/posts\/9077\/revisions\/9082"}],"wp:featuredmedia":[{"embeddable":true,"href":"https:\/\/www.arquitis.sk\/index.php?rest_route=\/wp\/v2\/media\/9083"}],"wp:attachment":[{"href":"https:\/\/www.arquitis.sk\/index.php?rest_route=%2Fwp%2Fv2%2Fmedia&parent=9077"}],"wp:term":[{"taxonomy":"category","embeddable":true,"href":"https:\/\/www.arquitis.sk\/index.php?rest_route=%2Fwp%2Fv2%2Fcategories&post=9077"},{"taxonomy":"post_tag","embeddable":true,"href":"https:\/\/www.arquitis.sk\/index.php?rest_route=%2Fwp%2Fv2%2Ftags&post=9077"}],"curies":[{"name":"wp","href":"https:\/\/api.w.org\/{rel}","templated":true}]}}