{"id":9084,"date":"2022-11-02T11:25:08","date_gmt":"2022-11-02T10:25:08","guid":{"rendered":"http:\/\/www.arquitis.sk\/?p=9084"},"modified":"2022-11-02T11:29:30","modified_gmt":"2022-11-02T10:29:30","slug":"gradd-prix-3-kolo-zlin","status":"publish","type":"post","link":"https:\/\/www.arquitis.sk\/?p=9084","title":{"rendered":"Grand Prix 3. kolo Zl\u00edn"},"content":{"rendered":"\n<p>7.10. 2022 sa konalo 3 kolo GP v Zl\u00edne. Privitalo n\u00e1s atrakt\u00edvne lukostrelecko-pr\u00edrodne prostredie ne\u010faleko Zl\u00edna. S\u00fa\u0165a\u017eilo sa 2 dni v 3 kol\u00e1ch. Organiz\u00e1tor pripravil 2 okruhy po 28 ter\u010dov. O\u010dak\u00e1vali sme \u0161pi\u010dkov\u00e9 podujatie pod hlavi\u010dkou HDH IAA, no nakoniec to bol pre n\u00e1s sk\u00f4r dvojd\u0148ov\u00fd tr\u00e9ning na &#8222;gu\u013e\u00e1\u0161ovke&#8220;. Boli sme sklaman\u00fd organiza\u010dnou \u00farov\u0148ou pretekov zapr\u00ed\u010dinen\u00fa mno\u017estvom detailov v organiz\u00e1cii, ktor\u00e9 by sa na podobnej s\u00fa\u0165a\u017ei nemali st\u00e1va\u0165 (stavba trate, tabu\u013eky, \u010dinnos\u0165 rozhodcov, tvorba skup\u00edn, dodr\u017eiavanie pravidiel &#8230;.).<\/p>\n\n\n\n<p>Nakoniec, sme ale boli spokojn\u00ed , \u017ee sme do\u0161li, lebo v\u0161etky nedostatky nahradila pohostinnos\u0165 a pr\u00edvetivos\u0165 miestnych \u013eud\u00ed a pohoda, ktor\u00e1 v\u0161ade panovala, ako aj pekn\u00e9 po\u010dasie. Na z\u00e1ver sez\u00f3ny to bol dobr\u00fd a pohodov\u00fd tr\u00e9ning.<\/p>\n\n\n\n<figure class=\"wp-block-gallery has-nested-images columns-default is-cropped wp-block-gallery-1 is-layout-flex wp-block-gallery-is-layout-flex\">\n<figure class=\"wp-block-image size-large\"><img loading=\"lazy\" decoding=\"async\" width=\"768\" height=\"1024\" data-id=\"9086\" src=\"http:\/\/www.arquitis.sk\/wp-content\/uploads\/2022\/11\/20221007_180106-768x1024.jpg\" alt=\"\" class=\"wp-image-9086\" srcset=\"https:\/\/www.arquitis.sk\/wp-content\/uploads\/2022\/11\/20221007_180106-768x1024.jpg 768w, https:\/\/www.arquitis.sk\/wp-content\/uploads\/2022\/11\/20221007_180106-225x300.jpg 225w, https:\/\/www.arquitis.sk\/wp-content\/uploads\/2022\/11\/20221007_180106-113x150.jpg 113w, https:\/\/www.arquitis.sk\/wp-content\/uploads\/2022\/11\/20221007_180106-1152x1536.jpg 1152w, https:\/\/www.arquitis.sk\/wp-content\/uploads\/2022\/11\/20221007_180106-rotated.jpg 1500w\" sizes=\"auto, (max-width: 768px) 100vw, 768px\" \/><\/figure>\n\n\n\n<figure class=\"wp-block-image size-large\"><img loading=\"lazy\" decoding=\"async\" width=\"768\" height=\"1024\" data-id=\"9085\" src=\"http:\/\/www.arquitis.sk\/wp-content\/uploads\/2022\/11\/20221007_180621-768x1024.jpg\" alt=\"\" class=\"wp-image-9085\" srcset=\"https:\/\/www.arquitis.sk\/wp-content\/uploads\/2022\/11\/20221007_180621-768x1024.jpg 768w, https:\/\/www.arquitis.sk\/wp-content\/uploads\/2022\/11\/20221007_180621-225x300.jpg 225w, https:\/\/www.arquitis.sk\/wp-content\/uploads\/2022\/11\/20221007_180621-113x150.jpg 113w, https:\/\/www.arquitis.sk\/wp-content\/uploads\/2022\/11\/20221007_180621-1152x1536.jpg 1152w, https:\/\/www.arquitis.sk\/wp-content\/uploads\/2022\/11\/20221007_180621-rotated.jpg 1500w\" sizes=\"auto, (max-width: 768px) 100vw, 768px\" \/><\/figure>\n<\/figure>\n","protected":false},"excerpt":{"rendered":"<p>7.10. 2022 sa konalo 3 kolo GP v Zl\u00edne. Privitalo n\u00e1s atrakt\u00edvne lukostrelecko-pr\u00edrodne prostredie ne\u010faleko Zl\u00edna. S\u00fa\u0165a\u017eilo sa 2 dni v 3 kol\u00e1ch. Organiz\u00e1tor pripravil 2 okruhy po 28 ter\u010dov. &#8230;<\/p>\n","protected":false},"author":1,"featured_media":9085,"comment_status":"open","ping_status":"open","sticky":false,"template":"","format":"standard","meta":{"footnotes":""},"categories":[4],"tags":[],"class_list":["post-9084","post","type-post","status-publish","format-standard","has-post-thumbnail","hentry","category-fotogaleria"],"_links":{"self":[{"href":"https:\/\/www.arquitis.sk\/index.php?rest_route=\/wp\/v2\/posts\/9084","targetHints":{"allow":["GET"]}}],"collection":[{"href":"https:\/\/www.arquitis.sk\/index.php?rest_route=\/wp\/v2\/posts"}],"about":[{"href":"https:\/\/www.arquitis.sk\/index.php?rest_route=\/wp\/v2\/types\/post"}],"author":[{"embeddable":true,"href":"https:\/\/www.arquitis.sk\/index.php?rest_route=\/wp\/v2\/users\/1"}],"replies":[{"embeddable":true,"href":"https:\/\/www.arquitis.sk\/index.php?rest_route=%2Fwp%2Fv2%2Fcomments&post=9084"}],"version-history":[{"count":3,"href":"https:\/\/www.arquitis.sk\/index.php?rest_route=\/wp\/v2\/posts\/9084\/revisions"}],"predecessor-version":[{"id":9090,"href":"https:\/\/www.arquitis.sk\/index.php?rest_route=\/wp\/v2\/posts\/9084\/revisions\/9090"}],"wp:featuredmedia":[{"embeddable":true,"href":"https:\/\/www.arquitis.sk\/index.php?rest_route=\/wp\/v2\/media\/9085"}],"wp:attachment":[{"href":"https:\/\/www.arquitis.sk\/index.php?rest_route=%2Fwp%2Fv2%2Fmedia&parent=9084"}],"wp:term":[{"taxonomy":"category","embeddable":true,"href":"https:\/\/www.arquitis.sk\/index.php?rest_route=%2Fwp%2Fv2%2Fcategories&post=9084"},{"taxonomy":"post_tag","embeddable":true,"href":"https:\/\/www.arquitis.sk\/index.php?rest_route=%2Fwp%2Fv2%2Ftags&post=9084"}],"curies":[{"name":"wp","href":"https:\/\/api.w.org\/{rel}","templated":true}]}}