{"id":9143,"date":"2023-08-18T20:29:19","date_gmt":"2023-08-18T18:29:19","guid":{"rendered":"https:\/\/www.arquitis.sk\/?p=9143"},"modified":"2023-08-18T20:29:21","modified_gmt":"2023-08-18T18:29:21","slug":"zimna-liga-finale-vo-varine","status":"publish","type":"post","link":"https:\/\/www.arquitis.sk\/?p=9143","title":{"rendered":"Zimn\u00e1 liga &#8211; Fin\u00e1le vo Var\u00edne"},"content":{"rendered":"\n<p><\/p>\n\n\n\n<p>19. 3.2023 sa konalo fin\u00e1lov\u00e9 kolo Zimnej ligy vo Var\u00edne. Bola to v\u00fdborn\u00e1 pr\u00edle\u017eitos\u0165 na tr\u00e9ning na kvalitnej trati pred 1. kolom Slovensk\u00e9ho poh\u00e1ra. Preteky sme si naozaj u\u017eili, prialo aj po\u010dasie. Prekvapila aj nov\u00e1 streleck\u00e1 ve\u017ea.<\/p>\n\n\n\n<p>\u010eakujem Jo\u017ekovi \u010eugelovi a jeho kolegom za pr\u00edjemn\u00e9 preteky.<\/p>\n\n\n\n<p>V\u00fdsledky: <\/p>\n\n\n\n<div data-wp-interactive=\"core\/file\" class=\"wp-block-file\"><object data-wp-bind--hidden=\"!state.hasPdfPreview\" hidden class=\"wp-block-file__embed\" data=\"https:\/\/www.arquitis.sk\/wp-content\/uploads\/2023\/08\/ZL-Varin-vysledky.pdf\" type=\"application\/pdf\" style=\"width:100%;height:600px\" aria-label=\"Vlo\u017ei\u0165 ZL-Varin-vysledky.\"><\/object><a id=\"wp-block-file--media-c3a068e0-d04c-40e3-9dfe-230e072590b8\" href=\"https:\/\/www.arquitis.sk\/wp-content\/uploads\/2023\/08\/ZL-Varin-vysledky.pdf\">ZL-Varin-vysledky<\/a><a href=\"https:\/\/www.arquitis.sk\/wp-content\/uploads\/2023\/08\/ZL-Varin-vysledky.pdf\" class=\"wp-block-file__button wp-element-button\" download aria-describedby=\"wp-block-file--media-c3a068e0-d04c-40e3-9dfe-230e072590b8\">Stiahnu\u0165<\/a><\/div>\n\n\n\n<figure class=\"wp-block-gallery has-nested-images columns-default is-cropped wp-block-gallery-1 is-layout-flex wp-block-gallery-is-layout-flex\">\n<figure class=\"wp-block-image size-large\"><img loading=\"lazy\" decoding=\"async\" width=\"473\" height=\"1024\" data-id=\"9149\" src=\"https:\/\/www.arquitis.sk\/wp-content\/uploads\/2023\/08\/20230319_105542-473x1024.jpg\" alt=\"\" class=\"wp-image-9149\" srcset=\"https:\/\/www.arquitis.sk\/wp-content\/uploads\/2023\/08\/20230319_105542-473x1024.jpg 473w, https:\/\/www.arquitis.sk\/wp-content\/uploads\/2023\/08\/20230319_105542-139x300.jpg 139w, https:\/\/www.arquitis.sk\/wp-content\/uploads\/2023\/08\/20230319_105542-69x150.jpg 69w, https:\/\/www.arquitis.sk\/wp-content\/uploads\/2023\/08\/20230319_105542-768x1662.jpg 768w, https:\/\/www.arquitis.sk\/wp-content\/uploads\/2023\/08\/20230319_105542-710x1536.jpg 710w, https:\/\/www.arquitis.sk\/wp-content\/uploads\/2023\/08\/20230319_105542-946x2048.jpg 946w, https:\/\/www.arquitis.sk\/wp-content\/uploads\/2023\/08\/20230319_105542-scaled.jpg 1183w\" sizes=\"auto, (max-width: 473px) 100vw, 473px\" \/><\/figure>\n\n\n\n<figure class=\"wp-block-image size-large\"><img loading=\"lazy\" decoding=\"async\" width=\"1024\" height=\"924\" data-id=\"9147\" src=\"https:\/\/www.arquitis.sk\/wp-content\/uploads\/2023\/08\/IMG-20230319-WA0003-1024x924.jpg\" alt=\"\" class=\"wp-image-9147\" srcset=\"https:\/\/www.arquitis.sk\/wp-content\/uploads\/2023\/08\/IMG-20230319-WA0003-1024x924.jpg 1024w, https:\/\/www.arquitis.sk\/wp-content\/uploads\/2023\/08\/IMG-20230319-WA0003-300x271.jpg 300w, https:\/\/www.arquitis.sk\/wp-content\/uploads\/2023\/08\/IMG-20230319-WA0003-150x135.jpg 150w, https:\/\/www.arquitis.sk\/wp-content\/uploads\/2023\/08\/IMG-20230319-WA0003-768x693.jpg 768w, https:\/\/www.arquitis.sk\/wp-content\/uploads\/2023\/08\/IMG-20230319-WA0003-1536x1386.jpg 1536w, https:\/\/www.arquitis.sk\/wp-content\/uploads\/2023\/08\/IMG-20230319-WA0003.jpg 1600w\" sizes=\"auto, (max-width: 1024px) 100vw, 1024px\" \/><\/figure>\n\n\n\n<figure class=\"wp-block-image size-large\"><img loading=\"lazy\" decoding=\"async\" width=\"576\" height=\"1024\" data-id=\"9145\" src=\"https:\/\/www.arquitis.sk\/wp-content\/uploads\/2023\/08\/received_163821116543877-576x1024.jpeg\" alt=\"\" class=\"wp-image-9145\" srcset=\"https:\/\/www.arquitis.sk\/wp-content\/uploads\/2023\/08\/received_163821116543877-576x1024.jpeg 576w, https:\/\/www.arquitis.sk\/wp-content\/uploads\/2023\/08\/received_163821116543877-169x300.jpeg 169w, https:\/\/www.arquitis.sk\/wp-content\/uploads\/2023\/08\/received_163821116543877-84x150.jpeg 84w, https:\/\/www.arquitis.sk\/wp-content\/uploads\/2023\/08\/received_163821116543877-768x1365.jpeg 768w, https:\/\/www.arquitis.sk\/wp-content\/uploads\/2023\/08\/received_163821116543877-864x1536.jpeg 864w, https:\/\/www.arquitis.sk\/wp-content\/uploads\/2023\/08\/received_163821116543877.jpeg 1152w\" sizes=\"auto, (max-width: 576px) 100vw, 576px\" \/><\/figure>\n\n\n\n<figure class=\"wp-block-image size-large\"><img loading=\"lazy\" decoding=\"async\" width=\"1024\" height=\"576\" data-id=\"9148\" src=\"https:\/\/www.arquitis.sk\/wp-content\/uploads\/2023\/08\/received_583401443816360-1024x576.jpeg\" alt=\"\" class=\"wp-image-9148\" srcset=\"https:\/\/www.arquitis.sk\/wp-content\/uploads\/2023\/08\/received_583401443816360-1024x576.jpeg 1024w, https:\/\/www.arquitis.sk\/wp-content\/uploads\/2023\/08\/received_583401443816360-300x169.jpeg 300w, https:\/\/www.arquitis.sk\/wp-content\/uploads\/2023\/08\/received_583401443816360-150x84.jpeg 150w, https:\/\/www.arquitis.sk\/wp-content\/uploads\/2023\/08\/received_583401443816360-768x432.jpeg 768w, https:\/\/www.arquitis.sk\/wp-content\/uploads\/2023\/08\/received_583401443816360-1536x864.jpeg 1536w, https:\/\/www.arquitis.sk\/wp-content\/uploads\/2023\/08\/received_583401443816360.jpeg 2048w\" sizes=\"auto, (max-width: 1024px) 100vw, 1024px\" \/><\/figure>\n\n\n\n<figure class=\"wp-block-image size-large\"><img loading=\"lazy\" decoding=\"async\" width=\"768\" height=\"1024\" data-id=\"9146\" src=\"https:\/\/www.arquitis.sk\/wp-content\/uploads\/2023\/08\/received_3357507144522708-768x1024.jpeg\" alt=\"\" class=\"wp-image-9146\" srcset=\"https:\/\/www.arquitis.sk\/wp-content\/uploads\/2023\/08\/received_3357507144522708-768x1024.jpeg 768w, https:\/\/www.arquitis.sk\/wp-content\/uploads\/2023\/08\/received_3357507144522708-225x300.jpeg 225w, https:\/\/www.arquitis.sk\/wp-content\/uploads\/2023\/08\/received_3357507144522708-113x150.jpeg 113w, https:\/\/www.arquitis.sk\/wp-content\/uploads\/2023\/08\/received_3357507144522708-1152x1536.jpeg 1152w, https:\/\/www.arquitis.sk\/wp-content\/uploads\/2023\/08\/received_3357507144522708.jpeg 1536w\" sizes=\"auto, (max-width: 768px) 100vw, 768px\" \/><\/figure>\n<\/figure>\n","protected":false},"excerpt":{"rendered":"<p>19. 3.2023 sa konalo fin\u00e1lov\u00e9 kolo Zimnej ligy vo Var\u00edne. Bola to v\u00fdborn\u00e1 pr\u00edle\u017eitos\u0165 na tr\u00e9ning na kvalitnej trati pred 1. kolom Slovensk\u00e9ho poh\u00e1ra. Preteky sme si naozaj u\u017eili, prialo &#8230;<\/p>\n","protected":false},"author":1,"featured_media":9145,"comment_status":"open","ping_status":"open","sticky":false,"template":"","format":"standard","meta":{"footnotes":""},"categories":[4],"tags":[],"class_list":["post-9143","post","type-post","status-publish","format-standard","has-post-thumbnail","hentry","category-fotogaleria"],"_links":{"self":[{"href":"https:\/\/www.arquitis.sk\/index.php?rest_route=\/wp\/v2\/posts\/9143","targetHints":{"allow":["GET"]}}],"collection":[{"href":"https:\/\/www.arquitis.sk\/index.php?rest_route=\/wp\/v2\/posts"}],"about":[{"href":"https:\/\/www.arquitis.sk\/index.php?rest_route=\/wp\/v2\/types\/post"}],"author":[{"embeddable":true,"href":"https:\/\/www.arquitis.sk\/index.php?rest_route=\/wp\/v2\/users\/1"}],"replies":[{"embeddable":true,"href":"https:\/\/www.arquitis.sk\/index.php?rest_route=%2Fwp%2Fv2%2Fcomments&post=9143"}],"version-history":[{"count":1,"href":"https:\/\/www.arquitis.sk\/index.php?rest_route=\/wp\/v2\/posts\/9143\/revisions"}],"predecessor-version":[{"id":9150,"href":"https:\/\/www.arquitis.sk\/index.php?rest_route=\/wp\/v2\/posts\/9143\/revisions\/9150"}],"wp:featuredmedia":[{"embeddable":true,"href":"https:\/\/www.arquitis.sk\/index.php?rest_route=\/wp\/v2\/media\/9145"}],"wp:attachment":[{"href":"https:\/\/www.arquitis.sk\/index.php?rest_route=%2Fwp%2Fv2%2Fmedia&parent=9143"}],"wp:term":[{"taxonomy":"category","embeddable":true,"href":"https:\/\/www.arquitis.sk\/index.php?rest_route=%2Fwp%2Fv2%2Fcategories&post=9143"},{"taxonomy":"post_tag","embeddable":true,"href":"https:\/\/www.arquitis.sk\/index.php?rest_route=%2Fwp%2Fv2%2Ftags&post=9143"}],"curies":[{"name":"wp","href":"https:\/\/api.w.org\/{rel}","templated":true}]}}